{"id":14470,"date":"2020-03-17T23:00:14","date_gmt":"2020-03-17T23:00:14","guid":{"rendered":"http:\/\/www.felana.com.mx\/2020\/03\/17\/simplificacion-alma-de-la-modernizacion\/"},"modified":"2020-03-17T23:00:14","modified_gmt":"2020-03-17T23:00:14","slug":"simplificacion-alma-de-la-modernizacion","status":"publish","type":"post","link":"https:\/\/www.flx-logistics.com\/en\/simplificacion-alma-de-la-modernizacion\/","title":{"rendered":"SIMPLIFICACI\u00d3N, ALMA DE LA MODERNIZACI\u00d3N"},"content":{"rendered":"<p style=\"text-align: justify;\">Los cuidados que hoy en d\u00eda se deben tener tanto en la actualizaci\u00f3n como tambi\u00e9n, implementaci\u00f3n de nuevas herramientas de productividad. Son de especial tratamiento, as\u00ed como lo es la evaluaci\u00f3n de sus resultados. Notar tal valor dentro del contexto de transformaci\u00f3n y modernizaci\u00f3n en la actualidad, pone en relieve la necesidad de una nueva mirada en lo concerniente a cambios y proyecci\u00f3n.<\/p>\n<p style=\"text-align: justify;\">Aunque se diga lo contrario, los asuntos propios de la modernizaci\u00f3n de las cosas como es la tecnolog\u00eda y sus servicios m\u00e1s evidentes, pone a prueba una de las observaciones m\u00e1s interesantes en el campo de la investigaci\u00f3n cient\u00edfica, laboral y mercantil. Hablamos de esta revoluci\u00f3n como una nueva forma de entender si m\u00e1s es menos, o simplemente menos es m\u00e1s, tanto en calidad, cantidad o eficacia. A decir verdad, puede que la reflexi\u00f3n en s\u00ed misma no tenga muchos efectos, pero la aplicaci\u00f3n de la idea es mucho m\u00e1s ventajosa si se toma el camino correcto.<\/p>\n<p style=\"text-align: justify;\">Funcional es un decir pr\u00e1ctico si se quiere evaluar las mejor\u00edas. Did\u00e1ctico, si al mismo tiempo se eval\u00faa la comodidad para dar uso m\u00e1s eficiente. Los cierto es que la cr\u00edtica puede que tenga raz\u00f3n cuando habla de que esta ola de tecnolog\u00eda quiz\u00e1s incomode de alg\u00fan modo algunos aspectos propios de adaptaci\u00f3n, si es que los usuarios no est\u00e1n en sinton\u00eda con la \u201csituaci\u00f3n\u201d. Con ello, anticipa que el tiempo para mejorar la calidad de los servicios comprometidos no es menor. Digamos que atribuir esta observaci\u00f3n, est\u00e9 o no en lo correcto, tiene matices aceptables.<\/p>\n<p style=\"text-align: justify;\">OPTIMIZACI\u00d3N<\/p>\n<p style=\"text-align: justify;\">Al plantearse un proyecto, dentro de las expectativas propias econ\u00f3micas, decimos con relativa frialdad que las cosas deben resultar dentro de un rango \u00f3ptimo. Pero cuando nos adentramos en un \u00e1rea que no se maneja del todo con suficiente habilidad, consideramos otros factores que pueden ser de \u00fatil referencia. Tales como, el tiempo de ejecuci\u00f3n en gesti\u00f3n versus resultados. La optimizaci\u00f3n dentro de un contexto de modernizaci\u00f3n, es totalmente distinto, es decir, si bien los costos visibles hablan por s\u00ed solo de su participaci\u00f3n, solo el uso eficiente de ello es el real resultado (sin importar el nivel de tecnolog\u00eda comprometido), algo simple y revelador.<\/p>\n<p style=\"text-align: justify;\">VANGUARDIA<\/p>\n<p style=\"text-align: justify;\">Un bien que se asocie objetivamente a la marca y al mismo tiempo, pauta de la modernizaci\u00f3n, tiene mucho que ver con el uso objetivo que se le dar\u00e1. Atribuir a la calidad de los insumos el \u00e9xito de una inversi\u00f3n, puede que se transforme en un dolor de cabeza de largo alcance. La propiedad de hilar fino en esta \u00e1rea, dice de c\u00f3mo entendemos nuestra organizaci\u00f3n, destreza interna y capacidad de respuesta con el exterior. Asumir la realidad con buena interpretaci\u00f3n, abre m\u00e1s beneficios que ajustes. La diferencia, un costo alentador.<\/p>\n<p style=\"text-align: justify;\">REAL, NO VIRTUAL<\/p>\n<p style=\"text-align: justify;\">Participar de proyectos de modernizaci\u00f3n asume cuidados que por lo pronto, no deben ser pasados por alto. Decidimos contemplar c\u00f3mo el alcance de lo virtual puede ayudar de muchas maneras nuestras organizaciones, pero asociarlos correctamente con la realidad organizacional y adem\u00e1s una marca bien plasmada en la gesti\u00f3n, hace de una bien entendida empresa, un impacto favorecedor. No solamente hablamos de aspecto econ\u00f3mico que entendible es lo principal, pero mejor a\u00fan, de una participaci\u00f3n externa m\u00e1s activa a trav\u00e9s de las buenas referencias conseguidas. La marca se entiende m\u00e1s cercana, lo mismo pasa con la calidad.<\/p>\n<p style=\"text-align: justify;\">INDEPENDIENTE DEL COSTO<\/p>\n<p style=\"text-align: justify;\">La era de los cambios hace de este asunto un bien mayor si se entiende de mejor manera el nuevo planteamiento del t\u00e9rmino \u201cempresa\u201d. Corresponde entonces destacar que para involucrarse eficientemente en este tipo de casos, hace crear bases mucho m\u00e1s s\u00f3lidas y mejorables en el tiempo. No es menor decir que desde el punto de vista de cambio generacional empresarial, los atributos de la modernizaci\u00f3n son claves a la hora de asimilar las competencias econ\u00f3micas del futuro. Entonces, la decisi\u00f3n debe ser tomada de formas mucho m\u00e1s activa y menos restrictivas, donde el s\u00edntoma tecnol\u00f3gico es el principal medidor.<\/p>\n<p style=\"text-align: justify;\">COMPETENCIA OBJETIVA<\/p>\n<p style=\"text-align: justify;\">En cuanto a la oportunidad que se presenta en general en las sociedades m\u00e1s curiosas, dice del gran auge que se instala en las econom\u00edas de cada pa\u00eds. \u00bfC\u00f3mo manejar este asunto? las pol\u00edticas sociales y comerciales juegan un rol relevante en el camino, ya que ello replantea que la \u201cactivaci\u00f3n social\u201d modernizadora debe actuar dentro de un contexto legal y reconocible. En vista y considerando que esto no se trata de un control absoluto de asociatividad a trav\u00e9s de las demandas por mayores y mejores servicios, hace de este revolucionario entendido, un bien o activo que al poco tiempo signifique m\u00e1s y mejor sinton\u00eda.<\/p>\n<p style=\"text-align: justify;\">Los resultados positivos se hacen evidentes a la hora de medir un bien que, si se entiende dentro de un contexto modernizador tanto de pol\u00edticas p\u00fablicas, comerciales y de productividad. Crean consciencia sostenible y mejorable en el tiempo. La cantidad de informaci\u00f3n es un activo que crece exponencialmente, as\u00ed entonces debe ser el comportamiento de la soluci\u00f3n, pues, el sentido com\u00fan ya abre m\u00e1s puertas a un entendido de hacer las cosas pr\u00e1cticamente m\u00e1s simples en cuanto a adaptabilidad y finalmente, asociatividad de una precisa modernizaci\u00f3n.<\/p>\n<p style=\"text-align: justify;\">Lo cierto es que en el camino, m\u00e1s son las inquietudes respecto a este tipo de actualizaciones que por lo dem\u00e1s, tiene un fuerte sentido renovador. Significa esto que, para saber un poco m\u00e1s de c\u00f3mo una industria tan expuesta a tecnolog\u00edas de \u00faltima generaci\u00f3n como lo es la log\u00edstica y almacenamiento, pueda asimilar esta realidad con buena orientaci\u00f3n y al mismo tiempo, con visi\u00f3n de futuro dentro de una realidad cada vez m\u00e1s productiva. En cuanto a rrhh y su capacitaci\u00f3n, queda la tarea de entenderse en una correcta asimilaci\u00f3n.<\/p>\n<p style=\"text-align: justify;\">Por otro lado, sin duda que nuevas empresas, emprendimientos y otras inversiones extranjeras que vean el potencial de esta enorme maquina productora. Tendr\u00e1n disposici\u00f3n de grandes inversiones en un plazo casi inmediato, ya que el consumidor notar\u00e1 el efecto del beneficio con altos est\u00e1ndares de calidad en sus manos (Celulares, tablets, etc). La demanda repentinamente se volver\u00e1 un aspecto com\u00fan en la nueva forma de consumo, pero mayor a\u00fan, sin considerar distancia o tiempo de intervalos mayores.<\/p>\n<p style=\"text-align: justify;\">La oportunidad de entenderse en un nuevo mundo de la producci\u00f3n y trabajo, expone la necesidad de mayores inversiones, sino, nuevos modelos de negocio que en un plano correctamente consensuado, sintoniza de forma eficaz el avance y significado de la actualizaci\u00f3n en cuanto al consumo, masivo y espec\u00edfico. Digamos que la virtud que tiene toda esta enorme maquinaci\u00f3n, es la forma de relacionarse met\u00f3dica, sistem\u00e1tica y funcionalmente con lo que no mucho tiempo antes parec\u00eda un asunto dif\u00edcil de asimilar.<\/p>\n<p style=\"text-align: justify;\">Concluyente, es decir que sin duda el efecto social que hay detr\u00e1s comprometido, es una suerte de creaci\u00f3n de nueva cultura del trabajo, consumo y matriz econ\u00f3mica. No se exagera en esta definici\u00f3n, ya que la correcta orientaci\u00f3n que se asigna a la propuesta comercial, habla de un entendimiento mucho mayor y modernizador. Por cierto que como en todas las cosas y especialmente en los que tienen relaci\u00f3n con la confianza p\u00fablica, ello toma en cuenta que cada organizaci\u00f3n, reconocida y evaluada en un contexto de los mercados emergentes, manifiesta su preocupaci\u00f3n como tambi\u00e9n, seriedad y profesionalismo de propuestas dentro de un mercado con mayores expectativas.<\/p>\n<p style=\"text-align: justify;\">Por Mauricio R. Gallardo, Strategy Planner \/ BYU\/WebDSign, @mgcconsultingcl<\/p>","protected":false},"excerpt":{"rendered":"<p>Los cuidados que hoy en d\u00eda se deben tener tanto en la actualizaci\u00f3n como tambi\u00e9n, implementaci\u00f3n de nuevas herramientas de productividad. Son de especial tratamiento, as\u00ed como lo es la evaluaci\u00f3n de sus resultados. Notar tal valor dentro del contexto de transformaci\u00f3n y modernizaci\u00f3n en la actualidad, pone en relieve la necesidad de una nueva [&hellip;]<\/p>","protected":false},"author":2,"featured_media":14471,"comment_status":"open","ping_status":"open","sticky":false,"template":"","format":"standard","meta":[],"categories":[60],"tags":[],"_links":{"self":[{"href":"https:\/\/www.flx-logistics.com\/en\/wp-json\/wp\/v2\/posts\/14470"}],"collection":[{"href":"https:\/\/www.flx-logistics.com\/en\/wp-json\/wp\/v2\/posts"}],"about":[{"href":"https:\/\/www.flx-logistics.com\/en\/wp-json\/wp\/v2\/types\/post"}],"author":[{"embeddable":true,"href":"https:\/\/www.flx-logistics.com\/en\/wp-json\/wp\/v2\/users\/2"}],"replies":[{"embeddable":true,"href":"https:\/\/www.flx-logistics.com\/en\/wp-json\/wp\/v2\/comments?post=14470"}],"version-history":[{"count":0,"href":"https:\/\/www.flx-logistics.com\/en\/wp-json\/wp\/v2\/posts\/14470\/revisions"}],"wp:featuredmedia":[{"embeddable":true,"href":"https:\/\/www.flx-logistics.com\/en\/wp-json\/wp\/v2\/media\/14471"}],"wp:attachment":[{"href":"https:\/\/www.flx-logistics.com\/en\/wp-json\/wp\/v2\/media?parent=14470"}],"wp:term":[{"taxonomy":"category","embeddable":true,"href":"https:\/\/www.flx-logistics.com\/en\/wp-json\/wp\/v2\/categories?post=14470"},{"taxonomy":"post_tag","embeddable":true,"href":"https:\/\/www.flx-logistics.com\/en\/wp-json\/wp\/v2\/tags?post=14470"}],"curies":[{"name":"wp","href":"https:\/\/api.w.org\/{rel}","templated":true}]}}