{"id":14509,"date":"2020-03-17T23:57:14","date_gmt":"2020-03-17T23:57:14","guid":{"rendered":"http:\/\/www.felana.com.mx\/2020\/03\/17\/resistencia-al-cambio-y-el-por-que-y-para-que-hacemos-las-cosas\/"},"modified":"2020-03-17T23:57:14","modified_gmt":"2020-03-17T23:57:14","slug":"resistencia-al-cambio-y-el-por-que-y-para-que-hacemos-las-cosas","status":"publish","type":"post","link":"https:\/\/www.flx-logistics.com\/en\/resistencia-al-cambio-y-el-por-que-y-para-que-hacemos-las-cosas\/","title":{"rendered":"RESISTENCIA AL CAMBIO Y EL POR QU\u00c9 Y PARA QU\u00c9 HACEMOS LAS COSAS"},"content":{"rendered":"<p style=\"text-align: justify;\">Todos hemos tenido que enfrentar procesos de cambio en nuestras vidas, tanto en el \u00e1mbito personal, familiar como profesional, y en m\u00e1s una ocasi\u00f3n de seguro esos procesos no fueron f\u00e1ciles, ni fluidos, y sin impactos negativos. Es probable que hayamos vivido procesos de cambio del tipo \u201cdolorosos\u201d.<\/p>\n<p style=\"text-align: justify;\">\u00a0<\/p>\n<p style=\"text-align: justify;\">Cuando se trata de organizaciones que han pasado por este tipo de experiencias, la resistencia al cambio queda grabada a fuego en el ADN de la empresa y se convierte en la piedra de tope principal a vencer cuando queremos enfrentar un nuevo proceso de transformaci\u00f3n, por muy positivo y atractivo que parezca.<\/p>\n<p style=\"text-align: justify;\">La pregunta es c\u00f3mo enfrentar el cambio en un ambiente derechamente hostil, con personal desgastado por a\u00f1os de trabajo \u201cen las mismas condiciones\u201d, \u201csin reconocimiento\u201d, \u201csin mejoras\u201d y con muchos otros reclamos acumulados de aparentes carencias. Una pregunta m\u00e1s que vigente en la actualidad y que afecta derechamente al sector operacional.<\/p>\n<p style=\"text-align: justify;\">Efectivamente, lo primero es enfrentar la situaci\u00f3n, pero entendiendo la expresi\u00f3n \u201cenfrentar\u201d no con el significado tradicional de \u201cpelear\u201d, sino que con el sentido de \u201cponerse al frente de\u201d, \u201cpararse al frente de\u201d y mirar, porque para poder ver, uno tiene que acercarse, quedarse quieto y convertirse en observador con todos los sentidos, para ver y escuchar de primera fuente, aquello que aqueja a las personas y a la organizaci\u00f3n. En esto, el uso del lenguaje es fundamental ya que las palabras crean la realidad.<\/p>\n<p style=\"text-align: justify;\">A quien no le ha tocado escuchar cosas como: \u201csiempre somos los mismos los que sacamos la pega\u201d, \u201cde nuevo te tengo que hacer la pega\u201d, \u201clos jefes no escuchan, se lo hemos dicho varias veces\u201d, \u201ctodos saben, pero nadie hace nada\u201d, \u201csiempre le suben m\u00e1s a los apitutados\u201d, \u201csuben de puesto a los que se arreglan los bigotes con los jefes\u201d y un largo etc\u00e9tera de expresiones que, de no ser atendidas, se convierten en la \u201crealidad\u201d de la empresa. Una vez levantados y conocidas todas estas expresiones, el trabajo consiste en separar el mito de la realidad, y efectuar cambios concretos para atender la parte efectiva que pueda existir, y aclarar la parte del mito que de seguro existe en todo este discurso colectivo.<\/p>\n<p style=\"text-align: justify;\"><img decoding=\"async\" src=\"http:\/\/www.revistalogistec.com\/images\/images\/Roberto_Becerra.jpg\" alt=\"Roberto Becerra\" style=\"margin: 10px; float: left;\" \/>De que existen los \u201capitutados\u201d, si, de seguro existen en las organizaciones, cada vez menos, pero existen y sin duda causan mucho da\u00f1o ya que este tipo de personaje son, en general, ignorantes o poco calificados, prepotentes y poco leales. Por otro lado, est\u00e1n \u201clos regalones\u201d, los que siempre obedecen al jefe y hacen lo que se les pide y nunca reclaman por nada. Si bien este tipo de persona es menos da\u00f1ina que un \u201capitutado\u201d, no es menos cierto que su aporte a la organizaci\u00f3n es dudoso ya que, si bien \u201chace lo que se le pide\u201d, en general son del tipo \u201csi jefe\u201d, y en general no aportan a la discusi\u00f3n de nuevas ideas, nuevas formas de hacer las cosas y mucho menos se van a atrever a desafiar al jefe, ya que el \u201cregal\u00f3n\u201d tiene por norma, \u201cno morder la mano que le da de comer\u201d.<\/p>\n<p style=\"text-align: justify;\">Pero existe otra clase de personas que son las que destacan y existen en todas las organizaciones, son los que, personalmente llamo, los \u201cAlexis Sanchez\u201d y \u201clos Nico Mass\u00fa\u201d, son aquellos que, teniendo un talento suficiente, sin ser necesariamente brillantes, tienen un coraz\u00f3n y una actitud enormes. Estas son las personas con las cuales es posible articular cualquier cambio.<\/p>\n<p style=\"text-align: justify;\">CUESTI\u00d3N DE ACTITUD<\/p>\n<p style=\"text-align: justify;\">Tal como lo explica de manera fant\u00e1stica Victor Kuppers, el valor de las personas (V) lo podemos definir como V = (C + H) *A, donde C es el Conocimiento y H representa la Habilidad (experiencia). Estos dos elementos suman en la expresi\u00f3n del valor ya que el Conocimiento es lo que diferencia \u201cal que sabe\u201d del ignorante y en cualquier organizaci\u00f3n, las personas validamos a nuestros pares y por sobre todo a nuestros jefes por su conocimiento; si no preg\u00fantense de d\u00f3nde viene la expresi\u00f3n \u201cel que sabe, sabe, y el que no es jefe\u201d. La habilidad o experiencia tambi\u00e9n suma al valor de una persona, ya que el conocimiento te\u00f3rico no sirve sino se tiene la capacidad de hacer las cosas y, tambi\u00e9n en este caso, es muy valorado por los pares y hacia la jefatura, cuando la persona sabe hacer las cosas.<\/p>\n<p style=\"text-align: justify;\">Un jefe con experiencia, que sabe hacer el trabajo operativo, que mete las manos, es altamente valorado por los colaboradores y pares. Pero la expresi\u00f3n del Valor de las personas tiene un tercer elemento que es la A, que representa la Actitud. Este elemento, a diferencia de los 2 primeros que se suman ente si, multiplica el valor de la persona. Es lo que diferencia a un \u201cAlexis S\u00e1nchez\u201d o a un *Nico Mass\u00fa\u201d de un deportista normal. En ambos casos, podemos ver que no se destacan por su habilidad, ya que no son brillantes en sus disciplinas (Alexis no es Messi, Nico Mass\u00fa no es el \u2018Chino\u2019 R\u00edos), sino que, lo que m\u00e1s destaca en ellos es su ACTITUD.<\/p>\n<p><img decoding=\"async\" src=\"http:\/\/www.revistalogistec.com\/images\/images\/golden-Circle.jpg\" alt=\"golden Circle\" \/><\/p>\n<p style=\"text-align: justify;\">Lo bueno de esta f\u00f3rmula es que la Actitud se puede trabajar, se puede desarrollar y hacer crecer, a trav\u00e9s del liderazgo, generando espacios de confianza y crecimiento, donde las personas puedan mostrarse y atreverse a proponer y a hacer cosas. El ejemplo de Alexis sirve porque un goleador debe estar siempre en movimiento, debe saber esconderse cuando no tiene la pelota y debe por sobre todo saber desmarcarse en el momento preciso para poder ser visto y tener la posibilidad de darle un pase gol, es decir darle una oportunidad de intentarlo. Un l\u00edder, debe reconocer a los Alexis y a los Nico es su organizaci\u00f3n y debe potenciarlos, debe darles libertad de movimiento, con metas claras y precisas, alcanzables y cada vez m\u00e1s elevadas, que tengan una dosis alta de desaf\u00edo, pero suficientes de racionalidad para poder ser alcanzadas y que no se vuelvan en frustraci\u00f3n si no se alcanzan.<\/p>\n<p style=\"text-align: justify;\">Un segundo elemento es pasar a la acci\u00f3n s\u00f3lo una vez que el lenguaje com\u00fan hable de darle un sentido a lo que hacemos, m\u00e1s all\u00e1 de los resultados esperados por la compa\u00f1\u00eda, y se centre m\u00e1s en fomentar la colaboraci\u00f3n por sobre el aprovechamiento, hable de confianza y no de abuso, hable de empat\u00eda y no de resentimiento. Desarrollar talleres y din\u00e1micas de trabajo en equipo, colaboraci\u00f3n activa y cambio de funciones para conocer en terreno el trabajo y la carga que el otro lleva. No s\u00f3lo conocer qu\u00e9 hace y c\u00f3mo lo hace el otro, sino que entender para qu\u00e9 lo hace, de tal forma que, en vez de criticar el trabajo del otro, pueda aportar con ideas acerca del trabajo del otro.<\/p>\n<p style=\"text-align: justify;\">Ante el temor del cambio, es importante que el l\u00edder sea honesto y transparente desde el d\u00eda uno y, por sobre todo, sea consistente en el tiempo, entre lo que dice y lo que hace. La confianza es la base del cambio. Sin confianza, la resistencia al cambio es un mecanismo de defensa natural y va a operar de manera implacable. La confianza se debe construir y cuidar y, dado que la confianza no se logra por decreto ni porque \u201cel jefe lo diga\u201d, requiere de paciencia y persistencia.<\/p>\n<p style=\"text-align: justify;\">DEL GOLDEN CIRCLE<\/p>\n<p style=\"text-align: justify;\">Todo lo anterior opera en el plano del comportamiento humano que tiene que ver con \u201cel sentido\u201d de las cosas que hacemos y el por qu\u00e9 o para qu\u00e9 las hacemos. Este concepto del \u201cWhy\u201d fue desarrollado por Simon Sinek, quien plantea la idea del \u201cGolden Circle\u201d.<\/p>\n<p style=\"text-align: justify;\">Esta forma de abordar las situaciones, tanto a nivel organizacional como personal, se basa en la estrategia del \u201cC\u00edrculo Dorado\u201d o \u201cGolden Circle\u201d, que plantea que siempre se debe partir desde el centro hacia afuera, resolviendo primero el \u201cWhy\u201d o el por qu\u00e9 y para qu\u00e9 hacemos las cosas.<\/p>\n<p style=\"text-align: justify;\">Los seres humanos nos movemos en base a las decisiones que tomamos en cada instante y, tal como hoy lo define la neurociencia, la toma de decisiones opera en una zona del cerebro conocida como \u201ccerebro l\u00edmbico\u201d, en donde no existe el lenguaje. Esto explica el por qu\u00e9, cuando tomamos una decisi\u00f3n, por m\u00e1s datos, cifras y c\u00e1lculos matem\u00e1ticos y financieros que veamos, podemos rechazar una propuesta aparentemente atractiva con explicaciones tales como \u201cmmmm, no lo s\u00e9, no me tinca\u201d. Esto, que pudiera parecer gracioso y hasta poco inteligente, se debe justamente a que la toma de decisiones opera en una zona del cerebro en donde no existe el lenguaje, por lo que cuesta articular palabras para algo que \u201cno tiene palabras\u201d.<\/p>\n<p style=\"text-align: justify;\">La toma de decisiones en \u00faltima instancia y seg\u00fan los \u00faltimos avances en neurociencia, opera en base a par\u00e1metros no racionales, y se desarrolla en la misma zona del cerebro en donde se manejan las emociones como la confianza y la lealtad. Esto explica porque una idea, plan o propuesta de cambio, por muy l\u00f3gica y racional que parezca, si no \u201cle hace sentido\u201d a la persona, no la va a tomar como propia, a menos que se le imponga. Puede ser que la persona obedezca la instrucci\u00f3n y haga lo que se le pide, pero no va a colaborar al 100% de su capacidad, no va a dar lo mejor de s\u00ed y, lo peor de todo, no va a estar dispuesta a sacrificarse por una idea de la cual no est\u00e1 convencida, lo cual es un riesgo, especialmente en proyectos complejos, en donde ser requiere m\u00e1s del 100% de cada uno.<\/p>\n<p style=\"text-align: justify;\">El segundo anillo del c\u00edrculo dorado tiene que ver con el \u201cC\u00f3mo\u201d hacemos las cosas, lo cual opera en el Neocortex, que es la zona del cerebro encargada del razonamiento l\u00f3gico, matem\u00e1tico y del lenguaje. Por esto, la planificaci\u00f3n, desarrollo de presupuestos, procesos, procedimientos, sistemas aportan el marco de control y ordenamiento necesario para la definici\u00f3n del \u201cHow\u201d o \u201cc\u00f3mo\u201d hacemos las cosas. Una buena planificaci\u00f3n, detallada, met\u00f3dica, completa, con presupuestos y plazos alcanzables, permiten asegurar el \u00e9xito de cualquier plan de cambio que se desee abordar, esto porque, en definitiva, el cambio debe ocurrir en las personas para que sea permanente y sustentable en el tiempo.<\/p>\n<p style=\"text-align: justify;\">Por Roberto Becerra, Gerente de Log\u00edstica de Head Chile.<\/p>\n<p><a href=\"http:\/\/www.logistecshow.cl\/index.php\/tickets\" target=\"_blank\" rel=\"noopener noreferrer\"><img decoding=\"async\" src=\"http:\/\/www.revistalogistec.com\/images\/images\/slide_home_logistec.gif\" alt=\"slide home logistec\" style=\"display: block; margin-left: auto; margin-right: auto;\" \/><\/a><\/p>\n<div itemprop=\"articleBody\">\n<p style=\"text-align: justify;\">Con el inter\u00e9s de ahondar en el desempe\u00f1o del mercado de arriendo de bodegas durante 2019, Revista Logistec convoc\u00f3 a los tres desarrolladores m\u00e1s importantes del rubro, los que compartieron sus experiencias post crisis y analizaron los cambios que se avecinan para el sector, de cara a 2020.<\/p>\n<p style=\"text-align: justify;\">A nivel period\u00edstico, cuando nos damos a la tarea de describir la performance de un mercado o sector en particular, tradicionalmente acudimos al g\u00e9nero informativo; a fin de procurar un relato \u201cobjetivo\u201d; robusto en t\u00e9rminos f\u00e1cticos; un relato coherente y desapasionado. No obstante, de cuando en cuando, la realidad que se intenta retratar resulta tan compleja y ambivalente que el propio \u201cfacto\u201d no alcanza para describirla con propiedad; siendo necesario ampliarnos hacia lo emp\u00edrico para elaborar, en la medida de lo posible, un relato veraz.<\/p>\n<p style=\"text-align: justify;\">En orden a lo se\u00f1alado, ante la tarea de describir el desempe\u00f1o del mercado inmobiliario de bodegaje para arriendo, durante 2019 y sus proyecciones para 2020, la cr\u00f3nica resulta ser el g\u00e9nero adecuado; y atendiendo a esta din\u00e1mica narrativa, lo primero a establecer en torno a este segmento es su indiscutido nivel de madurez, siendo uno de los indicadores m\u00e1s representativos de dicho rasgo la estabilidad en la curva tarifaria y su positiva evoluci\u00f3n hist\u00f3rica en t\u00e9rminos de vacancia, producci\u00f3n y absorci\u00f3n.<\/p>\n<p style=\"text-align: justify;\">Un mercado estable con actores consolidados y capaces de hacer frente a escenarios econ\u00f3micos complejos es otro de los rasgos asociados al rubro de la externalizaci\u00f3n de infraestructura log\u00edstica en Chile. En este punto, cabe destacar que esta industria ha sido liderada hist\u00f3ricamente por tres grandes actores: Bodegas San Francisco, Red Megacentro y Bodenor Flexcenter, con niveles de participaci\u00f3n de mercado que seg\u00fan datos aportados por GPS Property Solutions, se mueven en torno al 34%, 13% y 16%, respectivamente; dejando un saludable margen del 37% de participaci\u00f3n en el cual se desempe\u00f1an el resto de los desarrolladores de bodegas Clase I.<\/p>\n<p style=\"text-align: justify;\">No obstante, si bien el mercado de arriendo de bodegas se ha consolidado con el pasar de los a\u00f1os, no es menos cierto que su crecimiento y desarrollo depende -como todos los sectores \u2013 del desempe\u00f1o y estabilidad econ\u00f3mica del pa\u00eds. En este contexto, un escenario de recesi\u00f3n ampliado tendr\u00eda efectos directos en su performance en el mediano y largo plazo.<\/p>\n<p style=\"text-align: justify;\">Considerando lo anterior, resulta relevante establecer c\u00f3mo el panorama econ\u00f3mico que enfrent\u00f3 el pa\u00eds durante 2019 afect\u00f3 al mercado de arriendo de bodegas; sumando a estos efectos, aquellos ligados al contexto pol\u00edtico y social derivados del estallido social del 18\/10 y que a\u00fan mantiene al pa\u00eds en un estado de incertidumbre general.<\/p>\n<p style=\"text-align: justify;\">PRE Y POST CRISIS<\/p>\n<p style=\"text-align: justify;\"><img decoding=\"async\" src=\"http:\/\/www.revistalogistec.com\/images\/images\/alberto_fluxa_2.jpg\" alt=\"alberto fluxa 2\" style=\"margin: 10px; float: left;\" \/>A finales de 2018, los desarrolladores de bodegas para arriendo visualizaban un 2019 complejo. En este contexto, Alberto Flux\u00e1, Gerente General de BSF, asegur\u00f3 que \u201cdado que el rubro inmobiliario de bodegas se mueve al ritmo de la econom\u00eda y principalmente, en torno al desempe\u00f1o del sector minorista y las proyecciones para el retail no eran en absoluto auspiciosas. Con el correr de los meses, lo que ve\u00edamos en la realidad era que el retail no estaba cumpliendo con sus expectativas de ventas proyectadas para 2019 y lo que se visualizaba para 2020 no era muy alentador. Como consecuencia, la producci\u00f3n de bodegas para el segundo semestre perdi\u00f3 impulso\u201d.<\/p>\n<p style=\"text-align: justify;\">Igual descripci\u00f3n aport\u00f3 Luis Felipe Lehued\u00e9, Gerente General Red Megacentro, argumentando que \u201cen primer semestre de 2019 presenci\u00e1bamos un mercado deprimido por el retail. Lo cierto es que este sector ten\u00eda grandes proyecciones y en la medida que los meses pasaban \u00e9stas no se consolidaban\u201d.<\/p>\n<p style=\"text-align: justify;\">Al respecto, cabe destacar que seg\u00fan datos publicados por la C\u00e1mara de Comercio de Santiago (CCS), ya en abril de 2019 se manifestaba un magro desempe\u00f1o del sector retail a nivel de ventas, con un crecimiento acumulado del 0.1 %. Lo acontecido a nivel nacional se correlacionaba con el escenario mundial, explicaba la entidad, considerando que durante 2018 las ventas globales del retail hab\u00edan registrado un marcado deterioro, creciendo a una tasa del 3%, mientras que -en el mismo periodo- el retail chileno creci\u00f3 en un exiguo 4%.<\/p>\n<p style=\"text-align: justify;\">A partir de las cifras citadas, en junio de 2019, la C\u00e1mara apostaba por una recuperaci\u00f3n en las ventas del retail para el 2\u00b0 semestre, proyectando un crecimiento de entre 2,5% y 3,0%. Dicho crecimiento se sustentaba, principalmente, en el impulso que las ventas online daban al sector y a la aproximaci\u00f3n de la temporada de mayor consumo del a\u00f1o: Navidad. De m\u00e1s est\u00e1 decir que todas las proyecciones se fueron, literalmente, a piso.<\/p>\n<p style=\"text-align: justify;\">Mientras el retail chileno atravesaba un dif\u00edcil momento, otro suceso llam\u00f3 la atenci\u00f3n de los desarrolladores. \u201cNormalmente, en t\u00e9rminos de ventas, el segundo semestre del a\u00f1o es siempre mejor que el primero. No obstante, esta tendencia no se estaba dando\u201d asegur\u00f3 Flux\u00e1. En este contexto, una de las razones que pod\u00eda explicar este inusual comportamiento, adem\u00e1s de la contracci\u00f3n del retail, era el impulso que estaba tomando el mercado de bodegaje para la venta y los desarrollos propios.<\/p>\n<p style=\"text-align: justify;\"><img decoding=\"async\" src=\"http:\/\/www.revistalogistec.com\/images\/images\/luis_felipe_lehuede.jpg\" alt=\"luis felipe lehuede\" style=\"margin: 10px; float: right;\" \/>As\u00ed, en un contexto de baja demanda y a la espera del repunte del sector retail, el mercado de bodegaje nacional marcaba un comp\u00e1s de espera. No obstante, todo cambiar\u00eda repentinamente a mediados de octubre, tras el estallido social en Chile que vino a remecerlo todo.<\/p>\n<p style=\"text-align: justify;\">Respecto a los efectos inmediatos de la crisis, el ejecutivo de BSF relat\u00f3 que \u201ca partir de octubre, vivimos un aumento en la demanda de bodegas, especialmente, porque muchas empresas ligadas al retail y supermercados no pudieron despachar sus productos a tiendas, lo que las llev\u00f3 a mantener aquellas bodegas temporales que ten\u00edan en arriendo por la temporada de fin de a\u00f1o. Paralelamente, debido a los niveles de vandalismo que se evidenciaron en las primeras semanas del estallido social contra diversos comercios, nos toc\u00f3 recibir a muchas empresas que arrendaban en la competencia o que ten\u00edan bodegas propias, aisladas y vulnerables; empresas que buscaban principalmente resguardar sus mercanc\u00edas\u201d.<\/p>\n<p style=\"text-align: justify;\">En una mirada retrospectiva de las primeras semanas de la crisis, Flux\u00e1 sostuvo que \u201csi bien, en t\u00e9rminos de demanda nos ve\u00edamos favorecidos, de ninguna forma lo que acontec\u00eda representaba para nosotros algo positivo, ya que ten\u00edamos certezas respecto a los nefastos efectos que se vaticinaban para el comercio y la econom\u00eda en general. Por cierto, poder apoyar a decenas de empresas que sufrieron vandalismo, saqueos, incendios y otros siniestros en sus instalaciones nos motiv\u00f3 entonces y nos sigue motivando; sobre todo cuando vemos que, a pesar de haber sido duramente golpeados, siguen con ganas de sobreponerse. Una actitud muy impresionante y que nos inspira\u201d.<\/p>\n<p style=\"text-align: justify;\"><img decoding=\"async\" src=\"http:\/\/www.revistalogistec.com\/images\/images\/giancarlo_fantoni.jpg\" alt=\"giancarlo fantoni\" style=\"margin: 10px; float: left;\" \/>En torno a las consecuencias apreciadas a partir de la crisis, Flux\u00e1 coment\u00f3 que \u201csi bien 2019 termin\u00f3 con buenos resultados para nuestro negocio y niveles de vacancia saludables (4%), para 2020 hemos bajado nuestras proyecciones de crecimiento en torno a la producci\u00f3n. Estamos pensando en construir no m\u00e1s all\u00e1 de 40 mil m2 en todo el a\u00f1o, en la zona de Pudahuel principalmente. En tiempos dif\u00edciles lo que hacemos es soltar el acelerador, seguiremos construyendo porque ese es nuestro modelo de negocio, pero lo haremos con mesura\u201d.<\/p>\n<p style=\"text-align: justify;\">Siempre en torno a los efectos del 18\/10, Giancarlo Fantoni, Gerente General de Bodenor Flexcenter coment\u00f3 que \u201ca la luz de los eventos, la primera reacci\u00f3n a nivel pa\u00eds fue la de perplejidad y preocupaci\u00f3n. Ahora bien, considerando nuestro tipo de negocio, el efecto inmediato que vivimos fue una suerte de silencio por parte de nuestros potenciales clientes; mientras que en lo que se refiere a nuestros clientes vigentes no hubo ning\u00fan cambio o mudanza, por lo que nuestro nivel de ocupaci\u00f3n no sufri\u00f3 ninguna modificaci\u00f3n\u201d.<\/p>\n<p style=\"text-align: justify;\">Seg\u00fan relat\u00f3 Fantoni, \u201cya a fines de diciembre empezamos a ver movimiento en la demanda, hemos tenido algunos requerimientos de propuestas y proyectos. Todo est\u00e1 partiendo t\u00edmidamente, pero se est\u00e1 retomando el ritmo. En s\u00edntesis, dir\u00eda que, para nuestro formato de negocio, el \u00faltimo trimestre del a\u00f1o fue muy pasivo, aunque en rigor alcanzamos buenos resultados.<\/p>\n<p style=\"text-align: justify;\">Particularmente hemos mantenido la vacancia en menos de un 1%, n\u00famero bastante habitual y recurrente, aunque tenemos claro que los efectos de la crisis a largo plazo a\u00fan son desconocidos. En nuestro caso, debido al servicio que ofrecemos, la crisis no iba a tener mayor impacto a nivel de vacancia. No tuvimos que salir a socorrer a alguien que qued\u00f3 sin bodegas, porque no tenemos espacio disponible para absorber esa necesidad spot\u201d.<\/p>\n<p style=\"text-align: justify;\">En torno a la experiencia vivida en Red Megacentro, su Gerente General, Luis Felipe Lehued\u00e9 manifest\u00f3 que \u201cafortunadamente no tuvimos alg\u00fan hecho grave que lamentar. Aunque s\u00ed hubo intenci\u00f3n de ingresar a nuestros Centros en algunas zonas, lo pudimos repeler gracias a que contamos con un robusto ecosistema de seguridad. De hecho, mucho antes de lo acontecido en octubre, Megacentro tom\u00f3 la resoluci\u00f3n de modificar su estructura de seguridad, prescindiendo de los servicios externos para proceder a la contrataci\u00f3n de servicios de seguridad y guardias propios. Al no tener externalizada esta funci\u00f3n se increment\u00f3 ampliamente la calidad de nuestro servicio, al tiempo que contamos con guardias, mejor pagados y mucho m\u00e1s comprometidos, lo que fue clave para la defensa de nuestros centros\u201d.<\/p>\n<p style=\"text-align: justify;\">Seg\u00fan relat\u00f3 Lehued\u00e9, Red Megacentro sufri\u00f3 intentos de intrusi\u00f3n en al menos 6 de sus 45 proyectos. \u201cEn Concepci\u00f3n, Santiago y Coquimbo, espec\u00edficamente. Pero lo importante es que existi\u00f3 la visi\u00f3n en torno a la seguridad, que es parte del core de nuestro negocio. De ah\u00ed para adelante, nos concentramos en ir en ayuda de nuestros clientes. Hasta nuestros centros llegaron empresas que literalmente arrancaron de sus antiguas instalaciones por temor a los saqueos y el vandalismo. En torno a los clientes vigentes, gracias a la estructura de nuestro negocio pudimos brindarles la flexibilidad que requer\u00edan para ampliar o reducir su espacio y as\u00ed enfrentar de mejor manera la crisis. Ahora mismo no estamos con vacancia y proyectamos nuestro nivel de producci\u00f3n de forma m\u00e1s conservadora. Si bien, actualmente estamos desarrollando un total no menor de mt2, hemos decidido construirlos en etapas a la espera de ver c\u00f3mo se comporta el mercado\u201d.<\/p>\n<p style=\"text-align: justify;\">DEL CAMBIO DE PARADIGMA<\/p>\n<p style=\"text-align: justify;\">Al margen de las cifras, uno de los aspectos que los tres ejecutivos destacaron en torno al nuevo escenario que enfrenta el mercado de arriendo de bodegaje en el pa\u00eds es el cambio que han experimentado los \u201cgatillantes\u201d del arriendo y, por cierto, la consolidaci\u00f3n del formato por sobre el desarrollo propio de bodegas.<\/p>\n<p style=\"text-align: justify;\">\u201cHoy vivimos una incertidumbre tremenda que frena la inversi\u00f3n. Aquellas empresas grandes de retail que estaban pensando en desarrollar sus propios centros de distribuci\u00f3n o en arrendar a largo plazo proyectos a la medida est\u00e1n pens\u00e1ndolo mejor. Ante la incertidumbre lo que prevalece es la flexibilidad, y el formato de arriendo entrega ese atributo. No obstante, hoy por hoy, lo que los clientes m\u00e1s aprecian y buscan es seguridad y as\u00ed ser\u00e1 por los pr\u00f3ximos 5 a\u00f1os al menos\u201d, manifest\u00f3 Alberto Flux\u00e1.<\/p>\n<p style=\"text-align: justify;\">Coincidentemente, Luis Felipe Lehued\u00e9 adujo que \u201csi bien el precio fue por a\u00f1os el principal factor a considerar en torno al arriendo de bodegas, hoy lo m\u00e1s importante es la seguridad. En este punto, el esquema de condominios resulta muy atractivo, porque su capacidad de gesti\u00f3n en esta materia es mucho mayor. Si sumamos la seguridad, la flexibilidad y una tarifa estable, tenemos la triada perfecta. En tiempo de crisis, el arriendo permite a las empresas viajar m\u00e1s liviano de equipaje\u201d.<\/p>\n<p style=\"text-align: justify;\">La ubicaci\u00f3n, en tanto, tambi\u00e9n se alza como otro aspecto esencial para el arriendo, seg\u00fan Flux\u00e1. Al respecto, el Gerente General de BSF sostuvo que \u201cla ubicaci\u00f3n ser\u00e1 el segundo atributo m\u00e1s cotizado por los clientes de ahora en m\u00e1s, pero se analizar\u00e1 bajo el prisma de la seguridad. Hasta hace unos meses, la l\u00f3gica de la ubicaci\u00f3n se ve\u00eda en t\u00e9rminos macro y apuntaba a la b\u00fasqueda de bodegas en sectores con buena conectividad con miras a una distribuci\u00f3n m\u00e1s eficiente. Ahora, la ubicaci\u00f3n se analiza en un nivel micro.<\/p>\n<p><a href=\"http:\/\/www.logistecshow.cl\/index.php\/tickets\" target=\"_blank\" rel=\"noopener noreferrer\"><img decoding=\"async\" src=\"http:\/\/www.revistalogistec.com\/images\/images\/slide_home_logistec.gif\" alt=\"slide home logistec\" style=\"display: block; margin-left: auto; margin-right: auto;\" \/><\/a><\/p>\n<p style=\"text-align: justify;\">Los clientes hilan m\u00e1s fino, quieren saber en qu\u00e9 sector espec\u00edfico nos ubicamos, dentro de una gran zona industrial y se inclinan por aquellos sectores eminentemente industriales, alejados de asentamientos urbanos o sectores habitacionales densamente poblados\u201d.<\/p>\n<p style=\"text-align: justify;\">Por su parte, Giancarlo Fantoni agreg\u00f3 que \u201cel arriendo versus el desarrollo propio se ha impuesto, no s\u00f3lo por temas de seguridad, como efecto de la crisis, sino tambi\u00e9n por un tema de costos operacionales. Hoy d\u00eda, sin duda, el modelo de condominios de bodegas resulta m\u00e1s rentable. Las ganas de invertir y administrar un centro propio van a la baja. A partir de lo expuesto, Bodenor Flexcenter ha invertido en el tema. Hoy nuestros centros est\u00e1n dotados de un nivel de tecnolog\u00eda y estructura de seguridad muy importante\u201d.<\/p>\n<p style=\"text-align: justify;\">En torno a las tarifas, Flux\u00e1 asegurando que \u201clos precios se van a mantener. Hist\u00f3ricamente, en nuestro mercado las tarifas de arriendo han sido muy estable. Las tarifas se marcan en UF y la banda en la cual se mueven es pr\u00e1cticamente la misma de hace 20 a\u00f1os. Partiendo de esa estabilidad, consolidada a trav\u00e9s de los a\u00f1os, no se justifica que se aumente la tarifa en 2020\u201d.<\/p>\n<p style=\"text-align: justify;\">De acuerdo con lo descrito por los ejecutivos, el mercado de bodegaje en Chile es uno de los m\u00e1s estable, creciendo incluso a niveles m\u00e1s altos que la econom\u00eda a nivel pa\u00eds. No obstante, la incertidumbre econ\u00f3mica mantendr\u00e1 los niveles de producci\u00f3n a la baja, en comparaci\u00f3n a los a\u00f1os anteriores. Los entrevistados sostienen que el consumo este a\u00f1o ser\u00e1 menos, esperan el repunte del Retail y los positivos efectos que esto puede generar. Bajo este escenario y proyecci\u00f3n, la industria de bodegaje seguir\u00e1 creciendo -unos m\u00e1s que otros- con firmeza con la intenci\u00f3n de seguir acompa\u00f1ando el desarrollo log\u00edstico de las empresas nacionales.<\/p>\n<\/p><\/div>\n<div itemprop=\"articleBody\">\n<p style=\"text-align: justify;\">Tradicionalmente, revista Logistec eval\u00faa el desempe\u00f1o del mercado de bodegaje a partir de las cifras \u201cduras\u201d publicadas en los reportes m\u00e1s representativos del sector, elaborados por prestigiosas consultoras del rubro inmobiliario industrial. Esta vez no es la excepci\u00f3n, aunque nos hemos dado a la tarea de ampliar el an\u00e1lisis de estas cifras y proyecciones, considerando los efectos de la crisis pol\u00edtico, social y econ\u00f3mica que atraviesa el pa\u00eds, con el apoyo experto de los principales ejecutivos de dichas entidades.<\/p>\n<p style=\"text-align: justify;\">\u201cIncertidumbre\u201d. Este es el t\u00e9rmino que se ha tomado cada encabezado de prensa, an\u00e1lisis o proyecci\u00f3n econ\u00f3mica en Chile desde octubre a la fecha; denominaci\u00f3n m\u00e1s que adecuada para retratar las perspectivas de crecimiento de casi todos los sectores y rubros de la econom\u00eda nacional; un t\u00e9rmino adecuado, s\u00ed, pero dif\u00edcil de digerir, despu\u00e9s de ser catalogados a nivel mundial como \u201cla econom\u00eda m\u00e1s estable y pr\u00f3spera de Latinoam\u00e9rica\u201d. No obstante, frente al incesante recuento de los \u201cefectos\u201d del estallido social chileno, la \u00fanica certeza es la incertidumbre.<\/p>\n<p style=\"text-align: justify;\">Por cierto, las proyecciones para el mercado inmobiliario industrial se mueven bajo la misma l\u00f3gica. Y atendiendo al an\u00e1lisis del mercado de bodegaje, que en esta oportunidad nos convoca, los expertos y estudios m\u00e1s representativos del sector as\u00ed lo establecen. Con una econom\u00eda en crisis, expectante a las resoluciones pol\u00edticas y acuerdos sociales que deber\u00edan consolidarse en abril pr\u00f3ximo, como primer frente; el mercado est\u00e1 en comp\u00e1s de espera.<\/p>\n<p style=\"text-align: justify;\">RETROSPECTIVA<\/p>\n<p style=\"text-align: justify;\"><img decoding=\"async\" src=\"http:\/\/www.revistalogistec.com\/images\/images\/Diego_Castillo.jpg\" alt=\"Diego Castillo\" style=\"margin: 10px; float: left;\" \/>Para contextualizar el actual escenario del mercado bodegaje en Chile, Diego Castillo Labb\u00e9, Gerente \u00c1rea Industrial de Colliers International, explic\u00f3 que \u201c2017, la vacancia que se registraba en el mercado de arriendo de bodegas alcanzaba el rango del 7%, ya que el enfoque estaba en el desarrollo propio de Centros de Distribuci\u00f3n. Como consecuencia, dado que no exist\u00eda una demanda tan activa en este segmento de mercado, el desarrollo (producci\u00f3n) de superficies para el arriendo no fue alta en ese periodo (58.000 m2 de superficie, aproximadamente); situaci\u00f3n que se revirti\u00f3 en 2018 cuando la demanda de arriendo se activ\u00f3, mejorando los \u00edndices de producci\u00f3n y vacancia ostensiblemente\u201d. En este punto, seg\u00fan se establece en los reportes elaborados por Collier a esa \u00e9poca, la tasa de vacancia promedio en el 1\u00b0 semestre de 2018 baj\u00f3 de un 7% a un 6,4%; cerrando en el 2\u00b0 semestre de ese a\u00f1o en 4,5%. Por otra parte, la producci\u00f3n de m2 de bodegaje super\u00f3 las cifras de 2017, alcanzando un total de 129.000 m2.<\/p>\n<p style=\"text-align: justify;\">\u201cCon niveles de vacancia sanos, un mercado maduro y una demanda sostenida, el mercado de bodegaje para arriendo flu\u00eda al ritmo de la econom\u00eda, sin grandes contratiempos y enfocado en captar m\u00e1s clientes a partir del desarrollo proyectos de gran est\u00e1ndar, bien conectados, a tarifas estables que se mov\u00edan entre el 0.119 UF\/m2 y el 0.125 UF\/M2\u201d, manifest\u00f3 Castillo, agregando que \u201ccon este escenario las proyecciones para 2019 eran muy positivas en todos los indicadores, sobre todo en t\u00e9rminos de producci\u00f3n, los que a finales de 2018 se estimaban en 100 mil m2 para el 1\u00b0S y de 98.216 m2 para el 2\u00b0S de 2019\u201d.<\/p>\n<p style=\"text-align: justify;\"><img decoding=\"async\" src=\"http:\/\/www.revistalogistec.com\/images\/images\/Juan_Eduardo_Labbe.jpg\" alt=\"Juan Eduardo Labbe\" style=\"margin: 10px; float: right;\" \/>No s\u00f3lo el reporte de Colliers International registraba una proyecci\u00f3n positiva para el a\u00f1o reci\u00e9n pasado. Seg\u00fan el Reporte para el Mercado de Bodegaje de GPS Property Solutions, los indicadores claves: Vacancia y Producci\u00f3n ser\u00edan muy estables. En esta l\u00ednea, seg\u00fan lo comentado por Juan Eduardo Labb\u00e9, Director Ejecutivo de la firma, \u201cen nuestro reporte, que analiza el mercado de bodegas Clase I y II, las proyecciones en t\u00e9rminos de vacancia\/producci\u00f3n\/ absorci\u00f3n se correlacionaban positivamente. As\u00ed, mientras el 2\u00b0 semestre de 2018 cerraba en una vacancia del 6,7% en la Clase I, para el 1\u00b0S de 2019 este indicador alcanz\u00f3 el 5.2%. La madurez del mercado se sustentaba en la relaci\u00f3n de este indicador con los niveles de producci\u00f3n y absorci\u00f3n, considerando que durante el 1S de 2019 se registraba un aumento ostensible de los m2 producidos, respecto al semestre anterior, alcanzando los 255.900 m2, versus los 230 mil m2 \u00fatiles de bodega que ingresaron durante el 2S de 2018. En cuanto a la absorci\u00f3n del periodo (1S 2019), esta se present\u00f3 al alza en comparaci\u00f3n al semestre anterior, pasando de 216.052 m2 a 294.104 m2\u201d.<\/p>\n<p style=\"text-align: justify;\">Seg\u00fan lo estimado por la consultora JLL, en su Informe del Mercado Industrial Ligero del 1\u00b0 Semestre de 2019, el impacto real que la mayor producci\u00f3n estimada tendr\u00eda sobre la vacancia depender\u00eda del porcentaje de m2 \u201cpre-colocados\u201d. En este punto, el Informe aseguraba que las proyecciones eran positivas para el mercado de arriendo, considerando que la tendencia observada en los \u00faltimos semestres apuntaba a que \u201clas ampliaciones de Centros existentes ingresan al mercado con un alto porcentaje de m2 pre colocados, con lo cual la vacancia podr\u00eda mantenerse o incluso disminuir, a pesar de la reanimaci\u00f3n de la producci\u00f3n\u201d.<\/p>\n<p style=\"text-align: justify;\"><img decoding=\"async\" src=\"http:\/\/www.revistalogistec.com\/images\/images\/Lucas_Desalvo.jpg\" alt=\"Lucas Desalvo\" style=\"margin: 10px; float: left;\" \/>En esta misma l\u00ednea, seg\u00fan el reporte de Mercado de Centros de Bodegaje elaborado por CBRE, el primer semestre de 2019 comenz\u00f3 con una importante actividad en la producci\u00f3n, alertando que \u201csin embargo, los niveles de demanda se mantuvieron expectantes, debido a la incertidumbre generada por las externalidades geopol\u00edticas. No obstante, el an\u00e1lisis manifestaba que \u201cs\u00ed se observaba una mayor actividad en la pre-colocaci\u00f3n de espacios, previo al ingreso al mercado de los nuevos proyectos, lo que a su implicar\u00eda niveles de vacancia saludables. Con miras al segundo semestre de 2019, en tanto, seg\u00fan CBRE se esperaba una mayor actividad para el mercado de arriendos impulsada por la demanda a ra\u00edz de las festividades y el consumo de fin de a\u00f1o.<\/p>\n<p style=\"text-align: justify;\">18\/10 Y LOS EFECTOS 2020<\/p>\n<p style=\"text-align: justify;\">Mientras los desarrolladores del mercado de arriendo bodegas y analistas del sector proyectaban un mercado estable de cara al segundo semestre de 2019 y 2020, lo cierto es que aspectos como las bajas proyecciones de crecimiento econ\u00f3mico estimadas que no superaban el 3%, el auge de los proyectos de construcci\u00f3n propia y el ciclo de bajo consumo que el retail atravesaba eran factores que moderaban los augurios positivos.<\/p>\n<p style=\"text-align: justify;\">El mercado estaba sano, s\u00ed. Pero era muy competitivo. En este plano, los entrevistados coinciden en que factores como el creciente impulso del e-Commerce y sobre todo la estabilidad general del pa\u00eds representaban alicientes a considerar por los actores del mercado. As\u00ed, lejos de contraerse, el desarrollo de bodegas para arriendo tend\u00eda al alza, bajo una premisa esencial: seguir creciendo en m2; proyectando nuevos formatos y servicios para diferenciarse de la competencia era la clave para ganar m\u00e1s participaci\u00f3n de mercado. Algo as\u00ed como: arriesgar para ganar.<\/p>\n<p><img decoding=\"async\" src=\"http:\/\/www.revistalogistec.com\/images\/images\/Produccion_Historica_Acumulada.jpg\" alt=\"Produccion Historica Acumulada\" \/><\/p>\n<p style=\"text-align: justify;\">En el escenario instalado, el estallido social de octubre vino a cambiar las reglas del juego. Si bien, todos los analistas (y actores) coinciden en que los efectos m\u00e1s profundos de la crisis en el mercado inmobiliario industrial de bodegas, en t\u00e9rminos espec\u00edficos, s\u00f3lo se conocer\u00e1n en el mediano y largo plazo, lo cierto es que s\u00ed existieron efectos directos en los indicadores esenciales como la producci\u00f3n de mt2 que marc\u00f3 un evidente retroceso; al tiempo que los paradigmas en torno al servicio de arriendo cambiaron dr\u00e1sticamente; cambios que supone todo un nuevo escenario (retos y oportunidades) para el futuro del sector. \u201cSeamos claros, las perspectivas no son las mejores y se espera un 2020 dif\u00edcil, debido al retroceso en los indicadores de crecimiento econ\u00f3mico del pa\u00eds, la baja inversi\u00f3n y la inestabilidad social.<\/p>\n<p style=\"text-align: justify;\">No obstante, tambi\u00e9n existe la oportunidad de mejorar y los actores del rubro lo saben. Todos estamos expectantes, ante un escenario general inestable\u201d, manifest\u00f3 Labb\u00e9.\u00a0Siempre en torno a los efectos directos de la crisis y el escenario actual que atraviesa el Mercado de Bodegaje en Chile, Lucas Desalvo, Market Research Manager de Cushman &#038; Wakefield, manifest\u00f3 que \u201cpost 18 de octubre, la expectaci\u00f3n creci\u00f3 en los desarrolladores y propietarios de centros log\u00edsticos\u201d. La mayor\u00eda acus\u00f3 el golpe, indica Desalvo, \u201cparalizando la mayor\u00eda de los proyectos de construcci\u00f3n proyectadas para 2020, debido a la situaci\u00f3n econ\u00f3mica y expectativas a la baja de los inversores y propietarios\u201d.<\/p>\n<p><img decoding=\"async\" src=\"http:\/\/www.revistalogistec.com\/images\/images\/Evolucion_Precios.jpg\" alt=\"Evolucion Precios\" \/><\/p>\n<p style=\"text-align: justify;\">Al ritmo de los eventos de vandalismo sufridos por el sector retail, principalmente, durante las primeras semanas del estallido, el cierre de tiendas, la baja del consumo en la etapa m\u00e1s emblem\u00e1tica del a\u00f1o: Navidad y un reajuste en los horarios de los procesos log\u00edsticos, debido a las manifestaciones, el fantasma del sobre stock se hizo real. Como efecto directo, la vacancia de los centros de bodegaje disminuy\u00f3 profusamente, debido a una mayor demanda por espacios, explic\u00f3 Desalvo; demanda que fue absorbida por los centros log\u00edsticos de bodegas en arriendo que ten\u00edan la flexibilidad de espacio y de tarifaria para apoyar a los \u2018damnificados\u2019 y que a su vez pose\u00edan ecosistemas de seguridad capaces de hacer frente al riesgo inminente de saqueos y vandalismo.\u00a0<\/p>\n<p style=\"text-align: justify;\">As\u00ed, al cierre del 2\u00b0 semestre 2019, seg\u00fan cifras publicadas por Colliers International, la tasa de vacancia registr\u00f3 una baja en comparaci\u00f3n al periodo anterior, pasando de un 5,6% a un 5,2%; mientras que la producci\u00f3n de este periodo disminuy\u00f3 significativamente respecto a los semestres anteriores, registr\u00e1ndose el ingreso de solo 23.000 m\u00b2 de nueva superficie. Cabe destacar que los reportes anteriores de la consultora proyectaban una producci\u00f3n para el 2\u00b0 Semestre de 2019 de 98 mil m2, lo que finalmente no se dio.<\/p>\n<p style=\"text-align: justify;\">Por su parte, el reporte del 2\u00b0 semestre de 2019, elaborado por GPS Property Soluctions marc\u00f3 la misma tendencia descrita, calculando para el segmento de bodegas Clase I un nivel de vacancia a la baja, desde 5.27 % (registrado el 1\u00b0S) a un 5,04%; una disminuci\u00f3n en la producci\u00f3n proyectada que alcanz\u00f3 la cifra total de 40.449 m2 y una baja en la absorci\u00f3n que lleg\u00f3 a los 58.160 m2. En este punto, cabe recalcar que las proyecciones para la producci\u00f3n del 2\u00b0 semestre de 2019 en ambas categor\u00edas de negocio (Clase i y II), seg\u00fan GPS, se estimaban en 139.128 m2.<\/p>\n<p style=\"text-align: justify;\">\u00bfY AHORA?&#8230;<\/p>\n<p style=\"text-align: justify;\">\u00bfPositivos o negativos?, considerando el nivel de inestabilidad social, pol\u00edtico y econ\u00f3mico del pa\u00eds, es dif\u00edcil decir si los indicadores expuestos son, en lo emp\u00edrico, buenos o malos. Lo cierto es que, para los analistas del sector, la baja de la producci\u00f3n registrada y proyectada a 2020 es a penas l\u00f3gica. En este punto, Juan Eduardo Labb\u00e9 explic\u00f3 que \u201cactualmente, el enfoque de los desarrolladores est\u00e1 en colocar las superficies construidas o en construcci\u00f3n y esa ser\u00e1 una tarea dif\u00edcil, ya que la econom\u00eda est\u00e1 lenta. Hay mucho en juego para aventurarse a producir m\u00e1s si las expectativas de crecimiento econ\u00f3mico no son auspiciosas y la crisis pol\u00edtica y social no se supera\u201d.<\/p>\n<p style=\"text-align: justify;\">En este punto, agreg\u00f3 el ejecutivo de GPS, \u201clo que proyectamos es un alza en la vacancia y los precios en el mediano plazo, considerando que existir\u00e1 m\u00e1s superficie y se espera una menor demanda por la ralentizaci\u00f3n econ\u00f3mica. Objetivamente, tras la crisis los Centros de Bodegaje en arriendo ganaron en t\u00e9rminos de imagen y negocio; mientras que los desarrolladores de Centros para la venta fueron damnificados porque en tiempos de crisis e inseguridad pocos se arriesgan a comprar. De hecho, hemos visto un cambio de estructura de negocio de estos \u00faltimos desarrolladores, desde la venta hacia el arriendo para colocar las superficies construidas. Como consecuencia, existir\u00e1 m\u00e1s espacio disponible y los precios tender\u00e1n a la baja en el primer trimestre para ganar clientes. a partir de ah\u00ed la vacancia general aumentar\u00e1 y creemos que, a la larga, los precios de arriendo subir\u00e1n en el margen del 12.5 UF\/m2 al 13.5 UF\/m2, ya que los desarrolladores necesitan recuperar su inversi\u00f3n\u201d.<\/p>\n<p style=\"text-align: justify;\">No obstante, cabe destacar que, a nivel de precio, el vocero de Colliers discrepa de las proyecciones al alza, asegurando que tema precio ha sido variable de acuerdo con la superficie, el tipo de construcci\u00f3n, la ubicaci\u00f3n y los servicios complementarios que ofrecen los desarrolladores de bodegas en arriendo. Hay bodegas m\u00e1s caras que otras, pero a nivel general el precio ha sido estable en los \u00faltimos 8 a\u00f1os (en torno al 0.119 UF\/m2 y 0.12 UFm2) lo que no deber\u00eda variar. Lo que hemos visto es que debido a que no se sabe lo que va a pasar, los desarrolladores tratan de fidelizar a sus clientes con precios est\u00e1ndar, y esa estrategia deber\u00eda continuar por lo que la aguja no se mover\u00e1 mucho en este sentido\u201d.<\/p>\n<p><a href=\"http:\/\/www.logistecshow.cl\/index.php\/tickets\" target=\"_blank\" rel=\"noopener noreferrer\"><img decoding=\"async\" src=\"http:\/\/www.revistalogistec.com\/images\/images\/slide_home_logistec.gif\" alt=\"slide home logistec\" style=\"display: block; margin-left: auto; margin-right: auto;\" \/><\/a><\/p>\n<p style=\"text-align: justify;\">Lo que s\u00ed se espera, seg\u00fan Castillo, es una mayor demanda por arriendo \u201cya que las empresas no van a compra o van a comprar menos que antes y como los precios del mercado se mantendr\u00e1n, la diferencia entre un desarrollador u otro estar\u00e1 en el valor agregado que ofrezcan, siendo los m\u00e1s importante: la Seguridad y la Ubicaci\u00f3n\u201d.<\/p>\n<p style=\"text-align: justify;\">Atendiendo a lo expuesto por Castillo en torno a la consolidaci\u00f3n del formato de arriendo de bodega, el vocero de Cushman &#038; Wakefield sostuvo que la reacci\u00f3n de los actores del mercado de arriendo de bodegaje ante la crisis fue profesional y determinante para ir en apoyo de las empresas y rubros afectados. Se demostr\u00f3 que este mercado es muy maduro, seguro, flexible y estable a nivel tarifario, raz\u00f3n por la cual \u201cuno de los fen\u00f3menos vistos tras la crisis fue el \u00e9xodo de aquellas empresas que realizaban sus operaciones log\u00edsticas fuera de centros multi-clientes hacia estos recintos. Y, al mismo tiempo, aquellas compa\u00f1\u00edas que nos hab\u00edan manifestado la intenci\u00f3n de mudanza postergaron sus decisiones. A ra\u00edz de los hechos de inseguridad, y la estabilidad econ\u00f3mica muchas compa\u00f1\u00edas decidieron dar un salto de calidad, buscando sobre todo seguridad 24\/7 y tarifas estables; lo que favorece claramente al mercado de bodegas analizado\u201d.<\/p>\n<\/p><\/div>\n<div itemprop=\"articleBody\">\n<p style=\"text-align: justify;\">El arriendo de bodegas en condominios, por sobre los desarrollos propios, se instalar\u00e1 &#8211; seg\u00fan diversos analistas del rubro- como una de las alternativas m\u00e1s cotizadas por aquellas empresas que requieran espacio de almacenamiento log\u00edstico, principalmente debido a la incertidumbre econ\u00f3mica que se observa a nivel pa\u00eds y a los bajos \u00edndices de crecimiento proyectados por el Banco Central para 2020 que se ubican entre un 0,5 y un 1,5%.<\/p>\n<p style=\"text-align: justify;\">En un contexto econ\u00f3mico incierto, la flexibilidad del servicio de arriendo de bodegas, que permite ampliar o reducir los m2 de superficie alquilada de acuerdo con los requerimientos del cliente es una ventaja comparativa frente a la adquisici\u00f3n. No obstante, si a la incertidumbre econ\u00f3mica se suma a la incertidumbre social, como en el caso chileno, aspectos como la seguridad y la ubicaci\u00f3n se transforman en potentes catalizadores que inclinan la balanza hacia el arriendo de bodegas.<\/p>\n<p style=\"text-align: justify;\">Si consideramos el factor seguridad, por ejemplo, seg\u00fan un reciente estudio publicado por la prestigiosa consultora brit\u00e1nica Verisk Maplecroft, a ra\u00edz de los disturbios y la inseguridad social que se vive en Chile a partir del estallido social de 18\/10, el pa\u00eds ha entrado a la categor\u00eda de \u201criesgo extremo\u201d, en la que permanecer\u00e1 hasta -al menos- 2022&#8243;. S\u00f3lo a nivel de da\u00f1os a la infraestructura -p\u00fablica y privada- derivada por los disturbios y actos delictivos, los costos se estiman en USD 4.600 millones, seg\u00fan la consultora; lo que implicar\u00eda un gasto para la econom\u00eda chilena de alrededor de USD3.000 millones, es decir el 1,1% de su PIB&#8221;. A nivel interno, los \u00edndices de victimizaci\u00f3n a nivel pa\u00eds ha alcanzado niveles hist\u00f3ricos (por sobre el 30%), lo que incide en una suerte de \u201cestado de alerta\u201d a nivel transversal.<\/p>\n<p style=\"text-align: justify;\">Si extrapolamos lo anterior a la actividad log\u00edstica y, espec\u00edficamente al mercado de bodegaje, la seguridad se alza como uno de los catalizadores hacia el arriendo. En esta din\u00e1mica, Lucas Desalvo, Market Research Manager de Cushman &#038; Wakefield, estim\u00f3 que \u201cen cuanto al servicio se percibe la llegada de nuevos clientes, los cuales anteriormente ten\u00edan su principal preocupaci\u00f3n puesta en la ubicaci\u00f3n y ahora preguntan primero por los sistemas de seguridad e incendio, que son los primeros requisitos que les solicitan las compa\u00f1\u00edas de seguro. Se puede decir que post crisis, el ranking de prioridades para arrendar qued\u00f3 conformado por ubicaci\u00f3n, seguridad y sistemas de incendio, en ese orden\u201d.<\/p>\n<p style=\"text-align: justify;\">En esta l\u00ednea, Flux\u00e1 sostuvo que \u201cante la inseguridad, el modelo de arriendo de bodegas en condominios se vuelve atractivo ya que parte de nuestro negocio es brindar un ecosistema de bodegaje seguro, lo que nos obliga a invertir en tecnolog\u00edas de vigilancia y recurso humano capacitado en esta materia. Adem\u00e1s, al ser parte de un condominio, los costos asociados en t\u00e9rminos de seguridad son compartidos y el cliente s\u00f3lo se concentra en el resguardo de sus mercader\u00edas a nivel interno, pero teniendo la tranquilidad de que est\u00e1 inmerso en un espacio com\u00fan resguardado.<\/p>\n<p><a href=\"http:\/\/bit.ly\/37gZDIR\" target=\"_blank\" rel=\"noopener noreferrer\"><img decoding=\"async\" src=\"http:\/\/www.revistalogistec.com\/images\/images\/BSF_ArtPat_2020-01-23_banner_01.png\" alt=\"BSF ArtPat 2020 01 23 banner 01\" style=\"display: block; margin-left: auto; margin-right: auto;\" \/><\/a><\/p>\n<p style=\"text-align: justify;\">Al mismo tiempo, Flux\u00e1 destac\u00f3 que a nivel de contrataci\u00f3n de seguros (contra saqueos, incendios u otros siniestros), \u201cal pertenecer a un condominio que ya cuenta con un esquema de seguridad robusto y probado, este tr\u00e1mite se torna m\u00e1s f\u00e1cil y eficiente a nivel de costos porque las aseguradoras parten de la base de que su potencial cliente emplaza su operaci\u00f3n en un recinto que cuenta con niveles de seguridad altos\u201d.<\/p>\n<p style=\"text-align: justify;\">UBICACI\u00d3N SEGURA<\/p>\n<p style=\"text-align: justify;\">De acuerdo con el estudio Informe Mercado Industrial Ligero, elaborado por JLL, la distribuci\u00f3n de stock del mercado de bodegaje Clase A y B durante el 2\u00b0S de 2019 se concentr\u00f3 principalmente en las zonas: Poniente (54%); Norponiente (22%) y Sur (18%) de la Regi\u00f3n Metropolitana, sectores industriales altamente cotizados y en los cuales se despliegan los principales desarrolladores de la industria de bodegaje nacional.<\/p>\n<p style=\"text-align: justify;\">A partir de las cifras y considerando a la ubicaci\u00f3n como otro de los atributos que cobra relevancia para este mercado, el analista de Cushman &#038; Wakefield, destac\u00f3 que \u201clo que hoy se busca es lejan\u00eda respecto a manifestaciones sin restar importancia a la cercan\u00eda de accesos que favorezcan la gesti\u00f3n log\u00edstica. Esto es un hecho\u201d.<\/p>\n<p style=\"text-align: justify;\">A modo de cierre, el Gerente de BSF sostuvo que \u201cde aqu\u00ed a los pr\u00f3ximos 5 a\u00f1os, la ubicaci\u00f3n y la seguridad seguir\u00e1n siendo, en nuestra opini\u00f3n, los que inclinar\u00e1 la balanza hacia el arriendo de bodegas\u201d, agregando que \u201cen tiempos de crisis y ante la incertidumbre lo que prevalece para los clientes es la flexibilidad, y el formato de arriendo de bodegas entrega ese atributo\u201d.<\/p>\n<\/p><\/div>","protected":false},"excerpt":{"rendered":"<p>Todos hemos tenido que enfrentar procesos de cambio en nuestras vidas, tanto en el \u00e1mbito personal, familiar como profesional, y en m\u00e1s una ocasi\u00f3n de seguro esos procesos no fueron f\u00e1ciles, ni fluidos, y sin impactos negativos. Es probable que hayamos vivido procesos de cambio del tipo \u201cdolorosos\u201d. \u00a0 Cuando se trata de organizaciones que [&hellip;]<\/p>","protected":false},"author":2,"featured_media":14510,"comment_status":"open","ping_status":"open","sticky":false,"template":"","format":"standard","meta":[],"categories":[60],"tags":[],"_links":{"self":[{"href":"https:\/\/www.flx-logistics.com\/en\/wp-json\/wp\/v2\/posts\/14509"}],"collection":[{"href":"https:\/\/www.flx-logistics.com\/en\/wp-json\/wp\/v2\/posts"}],"about":[{"href":"https:\/\/www.flx-logistics.com\/en\/wp-json\/wp\/v2\/types\/post"}],"author":[{"embeddable":true,"href":"https:\/\/www.flx-logistics.com\/en\/wp-json\/wp\/v2\/users\/2"}],"replies":[{"embeddable":true,"href":"https:\/\/www.flx-logistics.com\/en\/wp-json\/wp\/v2\/comments?post=14509"}],"version-history":[{"count":0,"href":"https:\/\/www.flx-logistics.com\/en\/wp-json\/wp\/v2\/posts\/14509\/revisions"}],"wp:featuredmedia":[{"embeddable":true,"href":"https:\/\/www.flx-logistics.com\/en\/wp-json\/wp\/v2\/media\/14510"}],"wp:attachment":[{"href":"https:\/\/www.flx-logistics.com\/en\/wp-json\/wp\/v2\/media?parent=14509"}],"wp:term":[{"taxonomy":"category","embeddable":true,"href":"https:\/\/www.flx-logistics.com\/en\/wp-json\/wp\/v2\/categories?post=14509"},{"taxonomy":"post_tag","embeddable":true,"href":"https:\/\/www.flx-logistics.com\/en\/wp-json\/wp\/v2\/tags?post=14509"}],"curies":[{"name":"wp","href":"https:\/\/api.w.org\/{rel}","templated":true}]}}