{"id":14906,"date":"2020-05-13T06:43:28","date_gmt":"2020-05-13T06:43:28","guid":{"rendered":"http:\/\/www.felana.com.mx\/2020\/05\/13\/un-nuevo-formato-de-contenidos-por-expertos-de-la-industria\/"},"modified":"2020-05-13T06:43:28","modified_gmt":"2020-05-13T06:43:28","slug":"un-nuevo-formato-de-contenidos-por-expertos-de-la-industria","status":"publish","type":"post","link":"https:\/\/www.flx-logistics.com\/en\/un-nuevo-formato-de-contenidos-por-expertos-de-la-industria\/","title":{"rendered":"Un nuevo formato de contenidos por expertos de la industria"},"content":{"rendered":"<p>Las Master Talks Gratuitas en Video del Logistic Summit &#038; Expo son una nueva forma de presentar contenidos a la industria con gur\u00fas nacionales e internacionales en los temas m\u00e1s importantes del sector log\u00edstico. <\/p>\n<div>El Logistic Summit &#038; Expo presenta sus <b>Master Talks Gratuitas en Video,<\/b> una nueva forma de presentar contenidos de valor para la industria, dictadas por expertos nacionales e internacionales en temas de<b> log\u00edstica y supply chain.<\/b><\/div>\n<div><\/div>\n<div>En la primera charla, <b>Gast\u00f3n Cedillo<\/b>, investigador titular del Instituto Mexicano del Transporte y responsable t\u00e9cnico del Laboratorio Nacional en Sistemas de Transporte y Log\u00edstica, comparte sus puntos clave para crear resiliencia en la<b> cadena de suministro.\u00a0<\/b>\u00a0<\/div>\n<div><\/div>\n<div>Aunque la producci\u00f3n en China se recupera tras el punto \u00e1lgido de la crisis por el nuevo coronavirus, la <b>interrupci\u00f3n en el flujo de mercanc\u00edas<\/b> tendr\u00e1 un efecto rebote importante en todo el mundo. Los fabricantes se enfrentan ahora a la masiva disminuci\u00f3n en la demanda debido al cierre de operaciones en los mercados.\u00a0<\/div>\n<div><\/div>\n<div>Te puede interesar:<b><a href=\"http:\/\/www.logisticamx.enfasis.com\/notas\/86047-el-logistic-summit-expo-reagenda-su-fecha-el-1-y-2-octubre\" target=\"_new\" rel=\"noopener noreferrer\">\u00a0El Logistic Summit &#038; Expo reagenda su fecha para el 1 y 2 de octubre<\/a><\/b><\/div>\n<div><\/div>\n<div>Ante este panorama \u00bfqu\u00e9 acciones se pueden tomar para reconfigurar la cadena de suministro y hacerla m\u00e1s eficiente? Gast\u00f3n Cedillo propone siete acciones:<\/div>\n<div><\/div>\n<div>\n<ol>\n<li>Desarrollar un <b>plan de continuidad<\/b> en las operaciones<\/li>\n<li>Generar un mapa detallado de la cadena de suministro<\/li>\n<li>Mapear el<b> talento humano<\/b> en tu cadena de suministro<\/li>\n<li>Formar <b>equipos de crisis<\/b> polivalentes y flexibles<\/li>\n<li>Implementar <b>torres de control<\/b>: espacios donde se pueda centralizar la informaci\u00f3n y coordinar respuestas ante las crisis<\/li>\n<li><b>Regionalizar <\/b>la cadena de suministro\u00a0<\/li>\n<li>Desarrollar tu sistema<b> big data<\/b><\/li>\n<\/ol>\n<\/div>\n<div><\/div>\n<div>En su Master Talk, <b>Cadena de suministro m\u00e1s resiliente<\/b>, Gast\u00f3n Cedillo detalla los puntos clave para reintegrar las cadenas de suministro tras el Covid-19.\u00a0<\/div>\n<div><\/div>\n<div>\n<div class=\"embed_cont\" rel=\"freetext\" id=\"embed39_wrap\" onmousedown=\"return false;\">\n<div class=\"embed_options\" rel=\"opt\" id=\"embed39_opts\" onmousedown=\"return false;\"><span id=\"embed39_colapse\" class=\"embed_colapse less\" onclick=\"preview_embed('embed39')\">\u00a0\u00a0\u00a0\u00a0\u00a0<\/span>\u00a0Embed<\/div>\n<div id=\"embed39_content\" class=\"embed_content\">\n<div id=\"embed39_embed\"><iframe loading=\"lazy\" width=\"560\" height=\"315\" src=\"https:\/\/www.youtube.com\/embed\/gtSIQULDcWA\" frameborder=\"0\" allow=\"accelerometer; autoplay; encrypted-media; gyroscope; picture-in-picture\" allowfullscreen=\"\"><\/iframe><\/div>\n<\/div>\n<\/div>\n<p><\/div>\n<div><\/div>","protected":false},"excerpt":{"rendered":"<p>Las Master Talks Gratuitas en Video del Logistic Summit &#038; Expo son una nueva forma de presentar contenidos a la industria con gur\u00fas nacionales e internacionales en los temas m\u00e1s importantes del sector log\u00edstico. El Logistic Summit &#038; Expo presenta sus Master Talks Gratuitas en Video, una nueva forma de presentar contenidos de valor para [&hellip;]<\/p>","protected":false},"author":2,"featured_media":14907,"comment_status":"open","ping_status":"open","sticky":false,"template":"","format":"standard","meta":[],"categories":[60],"tags":[],"_links":{"self":[{"href":"https:\/\/www.flx-logistics.com\/en\/wp-json\/wp\/v2\/posts\/14906"}],"collection":[{"href":"https:\/\/www.flx-logistics.com\/en\/wp-json\/wp\/v2\/posts"}],"about":[{"href":"https:\/\/www.flx-logistics.com\/en\/wp-json\/wp\/v2\/types\/post"}],"author":[{"embeddable":true,"href":"https:\/\/www.flx-logistics.com\/en\/wp-json\/wp\/v2\/users\/2"}],"replies":[{"embeddable":true,"href":"https:\/\/www.flx-logistics.com\/en\/wp-json\/wp\/v2\/comments?post=14906"}],"version-history":[{"count":0,"href":"https:\/\/www.flx-logistics.com\/en\/wp-json\/wp\/v2\/posts\/14906\/revisions"}],"wp:featuredmedia":[{"embeddable":true,"href":"https:\/\/www.flx-logistics.com\/en\/wp-json\/wp\/v2\/media\/14907"}],"wp:attachment":[{"href":"https:\/\/www.flx-logistics.com\/en\/wp-json\/wp\/v2\/media?parent=14906"}],"wp:term":[{"taxonomy":"category","embeddable":true,"href":"https:\/\/www.flx-logistics.com\/en\/wp-json\/wp\/v2\/categories?post=14906"},{"taxonomy":"post_tag","embeddable":true,"href":"https:\/\/www.flx-logistics.com\/en\/wp-json\/wp\/v2\/tags?post=14906"}],"curies":[{"name":"wp","href":"https:\/\/api.w.org\/{rel}","templated":true}]}}