{"id":14930,"date":"2020-05-27T17:39:23","date_gmt":"2020-05-27T17:39:23","guid":{"rendered":"http:\/\/www.felana.com.mx\/2020\/05\/27\/convocan-al-xxi-premio-nacional-de-seguridad-vial\/"},"modified":"2020-05-27T17:39:23","modified_gmt":"2020-05-27T17:39:23","slug":"convocan-al-xxi-premio-nacional-de-seguridad-vial","status":"publish","type":"post","link":"https:\/\/www.flx-logistics.com\/en\/convocan-al-xxi-premio-nacional-de-seguridad-vial\/","title":{"rendered":"Convocan al XXI Premio Nacional de Seguridad Vial"},"content":{"rendered":"<p>Con la edici\u00f3n XXI del Premio Nacional de Seguridad Vial, la ANTP reafirma su compromiso con el tr\u00e1nsito seguro y las buenas pr\u00e1cticas en el transporte de carga. <\/p>\n<div>La Asociaci\u00f3n Nacional de Transporte Privado (ANTP) lanz\u00f3 de manera oficial su convocatoria para la vig\u00e9sima primera edici\u00f3n del <b>Premio Nacional de Seguridad Vial <\/b>(PNSV).\u00a0<\/div>\n<div><\/div>\n<div>El certamen eval\u00faa el grado de implementaci\u00f3n de pol\u00edticas y lineamientos establecidos en el <b>Manual de Gesti\u00f3n de Seguridad Vial<\/b> de las \u00e1reas administrativas y operativas del<i> transporte de carga <\/i>(direcci\u00f3n, administraci\u00f3n de recursos humanos, mantenimiento, capacitaci\u00f3n, veh\u00edculos, entre otros aspectos) de las empresas que cuentan con flota propia y aquellas que brindan servicio de carga.\u00a0<\/div>\n<div><\/div>\n<div>La iniciativa busca fomentar la adopci\u00f3n de <b>buenas pr\u00e1cticas en la operaci\u00f3n del transporte de carga <\/b>a fin de evitar accidentes viales, tanto en v\u00edas urbanas como en carreteras urbanas.\u00a0<\/div>\n<div><\/div>\n<div>Te puede interesar:\u00a0<b><a href=\"http:\/\/www.logisticamx.enfasis.com\/notas\/86055-5-medidas-prevenir-el-robo-transporte-carga\" target=\"_new\" rel=\"noopener noreferrer\">5 medidas para prevenir el robo a transporte de carga<\/a><\/b><\/div>\n<div><\/div>\n<div>La evaluaci\u00f3n de los proyectos ser\u00e1 realizada por una empresa tercera que recopilar\u00e1 y analizar\u00e1 la documentaci\u00f3n, visitar\u00e1 las instalaciones de los participantes y la capacitaci\u00f3n pr\u00e1ctica de los operadores a bordo de veh\u00edculos en ruta.\u00a0<\/div>\n<div><\/div>\n<div>Cabe destacar que, como parte del proceso de selecci\u00f3n de los ganadores del certamen, los operadores de empresas participantes ser\u00e1n sometidos a un <b>examen te\u00f3rico<\/b> presencial sobre temas orientados a preservar el tr\u00e1nsito seguro en vialidades urbanas y carreteras federales.<\/div>\n<div><\/div>\n<div>\u201cEn estos momentos en los que atravesamos una emergencia sanitaria por el <b>Covid-19<\/b>, sabemos que un tema importante es la salud de las personas. No obstante, el transporte de carga junto con sus operadores ha sido incluido dentro de las actividades esenciales y al ser un pilar fundamental para el abasto de medicamentos, equipo m\u00e9dico y tecnolog\u00edas, alimentos y bebidas, combustibles y entre otros insumos esenciales que demandamos para nuestra vida diaria, por eso debemos continuar trabajando tomando todas las medidas sanitarias necesarias y recomendadas por la autoridad, sin desatender las medidas de prevenci\u00f3n y seguridad vial\u201d, detall\u00f3 la ANTP en un comunicado.\u00a0<\/div>\n<div><\/div>\n<div>Puedes consultar las bases del vig\u00e9simo primer Premio Nacional de Seguridad Vial en <a href=\"https:\/\/www.antp.org.mx\/pnsv\" target=\"_new\" rel=\"noopener noreferrer\"><b>este enlace<\/b><\/a>.\u00a0<\/div>\n<div><\/div>\n<div>Fuente: ANTP.<\/div>\n<div><\/div>","protected":false},"excerpt":{"rendered":"<p>Con la edici\u00f3n XXI del Premio Nacional de Seguridad Vial, la ANTP reafirma su compromiso con el tr\u00e1nsito seguro y las buenas pr\u00e1cticas en el transporte de carga. La Asociaci\u00f3n Nacional de Transporte Privado (ANTP) lanz\u00f3 de manera oficial su convocatoria para la vig\u00e9sima primera edici\u00f3n del Premio Nacional de Seguridad Vial (PNSV).\u00a0 El certamen [&hellip;]<\/p>","protected":false},"author":2,"featured_media":14931,"comment_status":"open","ping_status":"open","sticky":false,"template":"","format":"standard","meta":[],"categories":[60],"tags":[],"_links":{"self":[{"href":"https:\/\/www.flx-logistics.com\/en\/wp-json\/wp\/v2\/posts\/14930"}],"collection":[{"href":"https:\/\/www.flx-logistics.com\/en\/wp-json\/wp\/v2\/posts"}],"about":[{"href":"https:\/\/www.flx-logistics.com\/en\/wp-json\/wp\/v2\/types\/post"}],"author":[{"embeddable":true,"href":"https:\/\/www.flx-logistics.com\/en\/wp-json\/wp\/v2\/users\/2"}],"replies":[{"embeddable":true,"href":"https:\/\/www.flx-logistics.com\/en\/wp-json\/wp\/v2\/comments?post=14930"}],"version-history":[{"count":0,"href":"https:\/\/www.flx-logistics.com\/en\/wp-json\/wp\/v2\/posts\/14930\/revisions"}],"wp:featuredmedia":[{"embeddable":true,"href":"https:\/\/www.flx-logistics.com\/en\/wp-json\/wp\/v2\/media\/14931"}],"wp:attachment":[{"href":"https:\/\/www.flx-logistics.com\/en\/wp-json\/wp\/v2\/media?parent=14930"}],"wp:term":[{"taxonomy":"category","embeddable":true,"href":"https:\/\/www.flx-logistics.com\/en\/wp-json\/wp\/v2\/categories?post=14930"},{"taxonomy":"post_tag","embeddable":true,"href":"https:\/\/www.flx-logistics.com\/en\/wp-json\/wp\/v2\/tags?post=14930"}],"curies":[{"name":"wp","href":"https:\/\/api.w.org\/{rel}","templated":true}]}}