{"id":14966,"date":"2020-06-01T12:22:47","date_gmt":"2020-06-01T12:22:47","guid":{"rendered":"http:\/\/www.felana.com.mx\/2020\/06\/01\/preven-caida-del-comercio-exterior-ante-el-covid-19\/"},"modified":"2020-06-01T12:22:47","modified_gmt":"2020-06-01T12:22:47","slug":"preven-caida-del-comercio-exterior-ante-el-covid-19","status":"publish","type":"post","link":"https:\/\/www.flx-logistics.com\/en\/preven-caida-del-comercio-exterior-ante-el-covid-19\/","title":{"rendered":"Prev\u00e9n ca\u00edda del comercio exterior ante el Covid-19"},"content":{"rendered":"<p>Esta cifra es nueve veces mayor a lo experimentado en el primer trimestre de este a\u00f1o, cuando se registr\u00f3 una ca\u00edda de 3% con respecto al cuarto trimestre de 2019.\u00a0<\/p>","protected":false},"excerpt":{"rendered":"<p>Esta cifra es nueve veces mayor a lo experimentado en el primer trimestre de este a\u00f1o, cuando se registr\u00f3 una ca\u00edda de 3% con respecto al cuarto trimestre de 2019.\u00a0<\/p>","protected":false},"author":2,"featured_media":14967,"comment_status":"open","ping_status":"open","sticky":false,"template":"","format":"standard","meta":[],"categories":[60],"tags":[],"_links":{"self":[{"href":"https:\/\/www.flx-logistics.com\/en\/wp-json\/wp\/v2\/posts\/14966"}],"collection":[{"href":"https:\/\/www.flx-logistics.com\/en\/wp-json\/wp\/v2\/posts"}],"about":[{"href":"https:\/\/www.flx-logistics.com\/en\/wp-json\/wp\/v2\/types\/post"}],"author":[{"embeddable":true,"href":"https:\/\/www.flx-logistics.com\/en\/wp-json\/wp\/v2\/users\/2"}],"replies":[{"embeddable":true,"href":"https:\/\/www.flx-logistics.com\/en\/wp-json\/wp\/v2\/comments?post=14966"}],"version-history":[{"count":0,"href":"https:\/\/www.flx-logistics.com\/en\/wp-json\/wp\/v2\/posts\/14966\/revisions"}],"wp:featuredmedia":[{"embeddable":true,"href":"https:\/\/www.flx-logistics.com\/en\/wp-json\/wp\/v2\/media\/14967"}],"wp:attachment":[{"href":"https:\/\/www.flx-logistics.com\/en\/wp-json\/wp\/v2\/media?parent=14966"}],"wp:term":[{"taxonomy":"category","embeddable":true,"href":"https:\/\/www.flx-logistics.com\/en\/wp-json\/wp\/v2\/categories?post=14966"},{"taxonomy":"post_tag","embeddable":true,"href":"https:\/\/www.flx-logistics.com\/en\/wp-json\/wp\/v2\/tags?post=14966"}],"curies":[{"name":"wp","href":"https:\/\/api.w.org\/{rel}","templated":true}]}}