{"id":14990,"date":"2020-06-03T13:23:41","date_gmt":"2020-06-03T13:23:41","guid":{"rendered":"https:\/\/www.felana.com.mx\/2020\/06\/03\/caen-ventas-de-pesados-durante-abril-anpact\/"},"modified":"2020-06-03T13:23:41","modified_gmt":"2020-06-03T13:23:41","slug":"caen-ventas-de-pesados-durante-abril-anpact","status":"publish","type":"post","link":"https:\/\/www.flx-logistics.com\/en\/caen-ventas-de-pesados-durante-abril-anpact\/","title":{"rendered":"Caen ventas de pesados durante abril: Anpact"},"content":{"rendered":"<p>La venta al mayoreo de <b>veh\u00edculos pesados <\/b>se desplom\u00f3 durante el mes de abril de este a\u00f1o, destac\u00f3 la Asociaci\u00f3n Nacional de Productores de Autobuses, Camiones y Tractocamiones (Anpact).\u00a0<\/p>","protected":false},"excerpt":{"rendered":"<p>La venta al mayoreo de veh\u00edculos pesados se desplom\u00f3 durante el mes de abril de este a\u00f1o, destac\u00f3 la Asociaci\u00f3n Nacional de Productores de Autobuses, Camiones y Tractocamiones (Anpact).\u00a0<\/p>","protected":false},"author":2,"featured_media":14991,"comment_status":"open","ping_status":"open","sticky":false,"template":"","format":"standard","meta":[],"categories":[60],"tags":[],"_links":{"self":[{"href":"https:\/\/www.flx-logistics.com\/en\/wp-json\/wp\/v2\/posts\/14990"}],"collection":[{"href":"https:\/\/www.flx-logistics.com\/en\/wp-json\/wp\/v2\/posts"}],"about":[{"href":"https:\/\/www.flx-logistics.com\/en\/wp-json\/wp\/v2\/types\/post"}],"author":[{"embeddable":true,"href":"https:\/\/www.flx-logistics.com\/en\/wp-json\/wp\/v2\/users\/2"}],"replies":[{"embeddable":true,"href":"https:\/\/www.flx-logistics.com\/en\/wp-json\/wp\/v2\/comments?post=14990"}],"version-history":[{"count":0,"href":"https:\/\/www.flx-logistics.com\/en\/wp-json\/wp\/v2\/posts\/14990\/revisions"}],"wp:featuredmedia":[{"embeddable":true,"href":"https:\/\/www.flx-logistics.com\/en\/wp-json\/wp\/v2\/media\/14991"}],"wp:attachment":[{"href":"https:\/\/www.flx-logistics.com\/en\/wp-json\/wp\/v2\/media?parent=14990"}],"wp:term":[{"taxonomy":"category","embeddable":true,"href":"https:\/\/www.flx-logistics.com\/en\/wp-json\/wp\/v2\/categories?post=14990"},{"taxonomy":"post_tag","embeddable":true,"href":"https:\/\/www.flx-logistics.com\/en\/wp-json\/wp\/v2\/tags?post=14990"}],"curies":[{"name":"wp","href":"https:\/\/api.w.org\/{rel}","templated":true}]}}