{"id":15062,"date":"2020-06-25T20:58:08","date_gmt":"2020-06-25T20:58:08","guid":{"rendered":"http:\/\/www.felana.com.mx\/2020\/06\/25\/cae-85-5-la-venta-de-pesados-en-mayo-anpact\/"},"modified":"2020-06-25T20:58:08","modified_gmt":"2020-06-25T20:58:08","slug":"cae-85-5-la-venta-de-pesados-en-mayo-anpact","status":"publish","type":"post","link":"https:\/\/www.flx-logistics.com\/en\/cae-85-5-la-venta-de-pesados-en-mayo-anpact\/","title":{"rendered":"Cae 85.5% la venta de pesados en mayo: Anpact"},"content":{"rendered":"<p>Las ventas de veh\u00edculos pesados se desplomaron durante mayo de este a\u00f1o, debido a la emergencia por el Covid-19, report\u00f3 la Anpact.<\/p>\n<div>La <b>venta al mayoreo de veh\u00edculos pesados<\/b> alcanz\u00f3 un total de 677 unidades durante el mes de mayo pasado, cifra que representa <b>una ca\u00edda del 85.5% <\/b>si se compara con las cuatro mil 682 que se vendieron durante el mismo mes pero de 2019.\u00a0<\/div>\n<div><\/div>\n<div>De acuerdo con cifras dadas a conocer por la <b><a href=\"http:\/\/www.anpact.com.mx\/\" target=\"_new\" rel=\"noopener noreferrer\">Asociaci\u00f3n Nacional de Productores de Autobuses, Camiones y Tractocamiones<\/a><\/b> (Anpact), la venta al menudeo de veh\u00edculos pesados tambi\u00e9n report\u00f3 un bajo desempe\u00f1o al alcanzar las mil 282 unidades. Esto significa una disminuci\u00f3n del <b>67.5%<\/b> en su comparaci\u00f3n con el mismo periodo del a\u00f1o pasado.\u00a0<\/div>\n<div><\/div>\n<div>En lo acumulado durante los primeros cinco meses del a\u00f1o, la venta al mayoreo consigui\u00f3 un total de siete mil 172 veh\u00edculos,<b> 58.3%<\/b> menos en sus comparativa con el mismo periodo de 2019.\u00a0<\/div>\n<div><\/div>\n<div>Te puede interesar:\u00a0<b><a href=\"http:\/\/www.logisticamx.enfasis.com\/notas\/86367-tms-3-formas-que-esta-cambiando-el-transporte-el-covid-19\" target=\"_new\" rel=\"noopener noreferrer\">TMS: 3 formas en que est\u00e1 cambiando el transporte tras el Covid-19<\/a><\/b><\/div>\n<div><\/div>\n<div>Mientras tanto, las ventas acumuladas al menudeo reportaron un total de nueve mil 326 veh\u00edculos, es decir, este rubro registr\u00f3 una disminuci\u00f3n de<b> 47.6%<\/b> con respecto a los primeros cinco meses del a\u00f1o anterior.\u00a0<\/div>\n<div><\/div>\n<div><b>Renovar la flota, clave para la nueva normalidad<\/b><\/div>\n<div><\/div>\n<div>Sobre el desempe\u00f1o de la venta de pesados en el pa\u00eds, Mario Elizalde, presidente de la Anpact, destac\u00f3 que \u201cla ca\u00edda en ventas responde a una disminuci\u00f3n en la demanda derivada de los efectos econ\u00f3micos de la pandemia de<b> Covid-19<\/b>\u201d.\u00a0<\/div>\n<div><\/div>\n<div>Para hacer frente a esta coyuntura, el directivo mencion\u00f3 que se debe impulsar la renovaci\u00f3n del parque vehicular en el pa\u00eds.\u00a0<\/div>\n<div><\/div>\n<div>\u201cHoy, tenemos una oportunidad \u00fanica de construir la nueva normalidad. Claramente podemos y debemos impulsar una movilidad m\u00e1s segura y limpia, tomar acciones contundentes para mejorar la calidad del aire, renovar el parque vehicular de carga que hoy tiene una<b> edad promedio de 18 a\u00f1os<\/b>, entre otras acciones. Ponemos sobre la mesa, una pol\u00edtica de renovaci\u00f3n de flota en pleno cuidado de la vida y salud de las y los mexicanos\u201d, precis\u00f3 Elizalde.\u00a0<\/div>\n<div><\/div>\n<div>Fuente: Anpact.\u00a0<\/div>\n<div><\/div>","protected":false},"excerpt":{"rendered":"<p>Las ventas de veh\u00edculos pesados se desplomaron durante mayo de este a\u00f1o, debido a la emergencia por el Covid-19, report\u00f3 la Anpact. La venta al mayoreo de veh\u00edculos pesados alcanz\u00f3 un total de 677 unidades durante el mes de mayo pasado, cifra que representa una ca\u00edda del 85.5% si se compara con las cuatro mil [&hellip;]<\/p>","protected":false},"author":2,"featured_media":15063,"comment_status":"open","ping_status":"open","sticky":false,"template":"","format":"standard","meta":[],"categories":[60],"tags":[],"_links":{"self":[{"href":"https:\/\/www.flx-logistics.com\/en\/wp-json\/wp\/v2\/posts\/15062"}],"collection":[{"href":"https:\/\/www.flx-logistics.com\/en\/wp-json\/wp\/v2\/posts"}],"about":[{"href":"https:\/\/www.flx-logistics.com\/en\/wp-json\/wp\/v2\/types\/post"}],"author":[{"embeddable":true,"href":"https:\/\/www.flx-logistics.com\/en\/wp-json\/wp\/v2\/users\/2"}],"replies":[{"embeddable":true,"href":"https:\/\/www.flx-logistics.com\/en\/wp-json\/wp\/v2\/comments?post=15062"}],"version-history":[{"count":0,"href":"https:\/\/www.flx-logistics.com\/en\/wp-json\/wp\/v2\/posts\/15062\/revisions"}],"wp:featuredmedia":[{"embeddable":true,"href":"https:\/\/www.flx-logistics.com\/en\/wp-json\/wp\/v2\/media\/15063"}],"wp:attachment":[{"href":"https:\/\/www.flx-logistics.com\/en\/wp-json\/wp\/v2\/media?parent=15062"}],"wp:term":[{"taxonomy":"category","embeddable":true,"href":"https:\/\/www.flx-logistics.com\/en\/wp-json\/wp\/v2\/categories?post=15062"},{"taxonomy":"post_tag","embeddable":true,"href":"https:\/\/www.flx-logistics.com\/en\/wp-json\/wp\/v2\/tags?post=15062"}],"curies":[{"name":"wp","href":"https:\/\/api.w.org\/{rel}","templated":true}]}}