{"id":15112,"date":"2020-07-02T05:21:14","date_gmt":"2020-07-02T05:21:14","guid":{"rendered":"http:\/\/www.felana.com.mx\/2020\/07\/02\/como-favorece-el-t-mec-las-exportaciones-de-mexico\/"},"modified":"2020-07-02T05:21:14","modified_gmt":"2020-07-02T05:21:14","slug":"como-favorece-el-t-mec-las-exportaciones-de-mexico","status":"publish","type":"post","link":"https:\/\/www.flx-logistics.com\/en\/como-favorece-el-t-mec-las-exportaciones-de-mexico\/","title":{"rendered":"\u00bfC\u00f3mo favorece el T-Mec las exportaciones de M\u00e9xico?"},"content":{"rendered":"<p>Mientras el mundo contin\u00faa resintiendo los efectos de la pandemia provocada por el <b>Covid-19<\/b>, la regi\u00f3n de Am\u00e9rica del Norte se prepara para la entrada en vigor este 1 de julio del acuerdo comercial entre M\u00e9xico, Estados Unidos y Canad\u00e1 (<b>T-MEC<\/b>).<\/p>","protected":false},"excerpt":{"rendered":"<p>Mientras el mundo contin\u00faa resintiendo los efectos de la pandemia provocada por el Covid-19, la regi\u00f3n de Am\u00e9rica del Norte se prepara para la entrada en vigor este 1 de julio del acuerdo comercial entre M\u00e9xico, Estados Unidos y Canad\u00e1 (T-MEC).<\/p>","protected":false},"author":2,"featured_media":0,"comment_status":"open","ping_status":"open","sticky":false,"template":"","format":"standard","meta":[],"categories":[60],"tags":[],"_links":{"self":[{"href":"https:\/\/www.flx-logistics.com\/en\/wp-json\/wp\/v2\/posts\/15112"}],"collection":[{"href":"https:\/\/www.flx-logistics.com\/en\/wp-json\/wp\/v2\/posts"}],"about":[{"href":"https:\/\/www.flx-logistics.com\/en\/wp-json\/wp\/v2\/types\/post"}],"author":[{"embeddable":true,"href":"https:\/\/www.flx-logistics.com\/en\/wp-json\/wp\/v2\/users\/2"}],"replies":[{"embeddable":true,"href":"https:\/\/www.flx-logistics.com\/en\/wp-json\/wp\/v2\/comments?post=15112"}],"version-history":[{"count":0,"href":"https:\/\/www.flx-logistics.com\/en\/wp-json\/wp\/v2\/posts\/15112\/revisions"}],"wp:attachment":[{"href":"https:\/\/www.flx-logistics.com\/en\/wp-json\/wp\/v2\/media?parent=15112"}],"wp:term":[{"taxonomy":"category","embeddable":true,"href":"https:\/\/www.flx-logistics.com\/en\/wp-json\/wp\/v2\/categories?post=15112"},{"taxonomy":"post_tag","embeddable":true,"href":"https:\/\/www.flx-logistics.com\/en\/wp-json\/wp\/v2\/tags?post=15112"}],"curies":[{"name":"wp","href":"https:\/\/api.w.org\/{rel}","templated":true}]}}