{"id":15171,"date":"2020-11-20T00:50:12","date_gmt":"2020-11-20T00:50:12","guid":{"rendered":"http:\/\/www.felana.com.mx\/2020\/11\/20\/como-planificar-la-carga-y-descarga-de-un-camion\/"},"modified":"2020-11-20T00:50:12","modified_gmt":"2020-11-20T00:50:12","slug":"como-planificar-la-carga-y-descarga-de-un-camion","status":"publish","type":"post","link":"https:\/\/www.flx-logistics.com\/en\/como-planificar-la-carga-y-descarga-de-un-camion\/","title":{"rendered":"\u00bfC\u00d3MO PLANIFICAR LA CARGA Y DESCARGA DE UN CAMI\u00d3N?"},"content":{"rendered":"<p style=\"text-align: justify;\">Blog 2 .- \u00bfQu\u00e9 cargar primero? y \u00bfQu\u00e9 cargar al final? Un aspecto importante para tener en cuenta en la planificaci\u00f3n de la carga en un cami\u00f3n para hacer despachos, es el orden de los puntos de descarga.<\/p>\n<p style=\"text-align: justify;\">Con el programa para cubicar EasyCargo le ense\u00f1aremos a planificar la carga para optimizar su ruta de descarga en todos sus centros de acopio.<\/p>\n<p style=\"text-align: justify;\">\u00a0 \u00a0 <img decoding=\"async\" loading=\"lazy\" src=\"http:\/\/www.revistalogistec.com\/images\/2019\/12\/12\/1.jpg\" alt=\"1\" width=\"408\" height=\"245\" style=\"float: left;\" \/>Hoy, luego de hacer su primer plan de carga, usted podr\u00e1 crear carga dividida en los grupos prioritarios y realizar ajuste de estos grupos de tal manera para que les sirva a su fin &#8211; descarga escalonada en varios puntos de viaje.<\/p>\n<p style=\"text-align: justify;\">\u00a0Entonces le contaremos c\u00f3mo nuestra empresa que import\u00f3 desde Alemania una serie de art\u00edculos los orden\u00f3 en el cami\u00f3n de tal manera que pudo ir descargando de forma ordenada, optimizando el tiempo de trabajo y el espacio de carga.<\/p>\n<p>\u00a0<\/p>\n<p>\u00a0<\/p>\n<p>\u00a0<\/p>\n<p style=\"text-align: justify;\"><img decoding=\"async\" loading=\"lazy\" src=\"http:\/\/www.revistalogistec.com\/images\/2019\/12\/12\/2.png\" alt=\"2\" width=\"266\" height=\"456\" style=\"float: left;\" \/>Una vez que ya tiene su lista de productos subidos en EasyCargo, se necesita ordenarla seg\u00fan la cantidad de puntos de despacho. Por ejemplo en la imagen a su izquierda, tenemos tres puntos donde el cami\u00f3n descarga. Por lo que en el Grupo 1 estar\u00e1 lo que primero cargaremos y que ser\u00e1 el \u00faltimo punto donde entregaremos. El grupo 2 ser\u00e1 el segundo en cargar, y ser\u00e1 descargado antes que el grupo 1. Finalmente, grupo tres, ser\u00e1 el \u00faltimo en ser cargado pero este ser\u00e1 el primero en ser sacado del cami\u00f3n.<\/p>\n<p style=\"text-align: justify;\">Antes de realizar la carga se necesita hacer un ajuste en el men\u00fa de opciones de carga que se encuentra en la parte inferior a la izquierda del bot\u00f3n \u201cCargar\u201d. Cualquier ajuste menos \u201cIgnorar separaci\u00f3n de los grupos prioritarios\u201d nos puede servir. Ahora solo un click al bot\u00f3n \u201cCargar\u201d en la esquina inferior derecha y si lo desea modificar las opciones a \u201cNo permitir apilamiento de los grupos prioritarios\u201d o \u201cDividir los grupos prioritarios con muro invisible\u201d para poder colocar barras de sujeci\u00f3n y dividir as\u00ed el espacio de la carga en m\u00e1s sectores.<\/p>\n<p>\u00a0<\/p>\n<p>\u00a0<\/p>\n<p>\u00a0<\/p>\n<p>\u00a0<\/p>\n<p style=\"text-align: justify;\">\u00bfQu\u00e9 pasa si me equivoco? \u00bfTengo que hacer la carga desde el principio? No se necesita. Si se equivoca con alg\u00fan producto y lo coloca a un grupo incorrecto, no hay nada m\u00e1s f\u00e1cil que abriendo el \u00edtem en la lista de productos para cargar traslada el \u00edtem a otro grupo. Con un solo click se le abre men\u00fa desplegable y desde este men\u00fa seleccionar\u00e1 otro grupo ad\u00f3nde desea \u00edtem trasladar. Si hay un grupo que sobra, haga clic en el n\u00famero de grupo (bajo del nombre de la carga). Al lado del grupo aparece una cruz y con esta borra el grupo.<\/p>\n<p><img decoding=\"async\" loading=\"lazy\" src=\"http:\/\/www.revistalogistec.com\/images\/2019\/12\/12\/3.png\" alt=\"3\" width=\"741\" height=\"380\" \/><\/p>\n<p style=\"text-align: justify;\">Al seleccionar cada uno de los grupos despu\u00e9s de calcular el plan de carga. En su diagrama 3D se le presentar\u00e1 de forma destacada todos los \u00edtems a descargar en su punto de despacho. \u00a1Genia!. \u00bfCierto?. Sin duda este programa dise\u00f1ado para planificar la carga en contenedores y camiones les optimizar\u00e1 muchos procesos en la empresa.<\/p>\n<p style=\"text-align: justify;\">\u00a0<img decoding=\"async\" src=\"http:\/\/www.revistalogistec.com\/images\/2019\/12\/12\/4.png\" alt=\"4\" \/><\/p>\n<p style=\"text-align: justify;\">Para m\u00e1s informaci\u00f3n visite nuestra p\u00e1gina web, lea nuestras Preguntas frecuentes y vea nuestros videotutoriales.<\/p>\n<p style=\"text-align: center;\"><strong>\u00bfY en el pr\u00f3ximo blog?<\/strong><\/p>\n<p style=\"text-align: center;\"><img decoding=\"async\" loading=\"lazy\" src=\"http:\/\/www.revistalogistec.com\/images\/2019\/12\/12\/Diego-Profile-hyperfair.jpg\" alt=\"Diego Profile hyperfair\" width=\"223\" height=\"223\" style=\"float: left;\" \/>\u00a0 \u00a0En mis pr\u00f3ximos art\u00edculos del blog, les contar\u00e9: \u00bfC\u00f3mo cubicamos la carga para camiones \u00be y camionetas? ya que EasyCargo es un programa dise\u00f1ado para planificar la carga en contenedores y camiones.<\/p>","protected":false},"excerpt":{"rendered":"<p>Blog 2 .- \u00bfQu\u00e9 cargar primero? y \u00bfQu\u00e9 cargar al final? Un aspecto importante para tener en cuenta en la planificaci\u00f3n de la carga en un cami\u00f3n para hacer despachos, es el orden de los puntos de descarga. Con el programa para cubicar EasyCargo le ense\u00f1aremos a planificar la carga para optimizar su ruta de [&hellip;]<\/p>","protected":false},"author":2,"featured_media":15172,"comment_status":"open","ping_status":"open","sticky":false,"template":"","format":"standard","meta":[],"categories":[60],"tags":[],"_links":{"self":[{"href":"https:\/\/www.flx-logistics.com\/en\/wp-json\/wp\/v2\/posts\/15171"}],"collection":[{"href":"https:\/\/www.flx-logistics.com\/en\/wp-json\/wp\/v2\/posts"}],"about":[{"href":"https:\/\/www.flx-logistics.com\/en\/wp-json\/wp\/v2\/types\/post"}],"author":[{"embeddable":true,"href":"https:\/\/www.flx-logistics.com\/en\/wp-json\/wp\/v2\/users\/2"}],"replies":[{"embeddable":true,"href":"https:\/\/www.flx-logistics.com\/en\/wp-json\/wp\/v2\/comments?post=15171"}],"version-history":[{"count":0,"href":"https:\/\/www.flx-logistics.com\/en\/wp-json\/wp\/v2\/posts\/15171\/revisions"}],"wp:featuredmedia":[{"embeddable":true,"href":"https:\/\/www.flx-logistics.com\/en\/wp-json\/wp\/v2\/media\/15172"}],"wp:attachment":[{"href":"https:\/\/www.flx-logistics.com\/en\/wp-json\/wp\/v2\/media?parent=15171"}],"wp:term":[{"taxonomy":"category","embeddable":true,"href":"https:\/\/www.flx-logistics.com\/en\/wp-json\/wp\/v2\/categories?post=15171"},{"taxonomy":"post_tag","embeddable":true,"href":"https:\/\/www.flx-logistics.com\/en\/wp-json\/wp\/v2\/tags?post=15171"}],"curies":[{"name":"wp","href":"https:\/\/api.w.org\/{rel}","templated":true}]}}