{"id":15325,"date":"2021-04-13T08:19:13","date_gmt":"2021-04-13T08:19:13","guid":{"rendered":"http:\/\/www.felana.com.mx\/2021\/04\/13\/global-7\/"},"modified":"2021-04-13T08:19:13","modified_gmt":"2021-04-13T08:19:13","slug":"global-7","status":"publish","type":"post","link":"https:\/\/www.flx-logistics.com\/en\/global-7\/","title":{"rendered":"GLOBAL"},"content":{"rendered":"<div>\n<div>\n<section id=\"sp-top-bar\"><\/section>\n<section id=\"sp-logo-area\">\n<div>\n<div>\n<div>\n<div id=\"sp-logo\">\n<div>\n<p><a href=\"\/en\/\"><img decoding=\"async\" alt=\"Logistec - Revista Logistec\" src=\"http:\/\/www.revistalogistec.com\/images\/logo_logistec_partner.png\"><\/img><img decoding=\"async\" alt=\"Logistec - Revista Logistec\" src=\"http:\/\/www.revistalogistec.com\/images\/logo_logistec_partner.png\"><\/img><\/a><\/p>\n<\/div>\n<\/div>\n<\/div>\n<\/div>\n<\/div>\n<\/section>\n<section id=\"sp-header-nav\"><\/section>\n<section id=\"sp-section-4\"><\/section>\n<section id=\"sp-main-body\">\n<div>\n<div>\n<div><main id=\"sp-component\" role=\"main\"><\/p>\n<div>\n<div>\n<div>\n<div itemprop=\"blogPost\" itemscope=\"\" itemtype=\"https:\/\/schema.org\/BlogPosting\">\n<div>\n<p><span title=\"Escrito por Logistec\"><br \/>\n\t\t\t\t<span itemprop=\"name\">Logistec<\/span>\t<\/span><\/p>\n<p>\t\t\t\t\t<span title=\"Categor\u00eda: GLOBAL\"><br \/>\n\t\t\t<a href=\"http:\/\/www.revistalogistec.com\/logistica\/global-2\">GLOBAL<\/a><br \/>\n\t<\/span><\/p>\n<p>\t\t\t\t\t<span title=\"Publicado: 11 Febrero 2021\"><br \/>\n<i aria-hidden=\"true\"><\/i><br \/>\n\t<time datetime=\"2021-02-11T15:59:51-03:00\"><br \/>\n\t\t11 Febrero 2021\t<\/time><\/span><\/p>\n<p>Como \u201cel peor a\u00f1o de la demanda de carga a\u00e9rea, desde que se inici\u00f3 su seguimiento en 1990\u201d, catalog\u00f3 la Asociaci\u00f3n Internacional de Transporte A\u00e9reo (International Air Transport Association &#8211; IATA) el desempe\u00f1o del sector durante los \u00faltimos 12 meses.<\/p>\n<\/p><\/div><\/div><\/div>\n<div>\n<div>\n<div>\n<div itemprop=\"blogPost\" itemscope=\"\" itemtype=\"https:\/\/schema.org\/BlogPosting\">\n<div>\n<p><span title=\"Escrito por Logistec\"><br \/>\n\t\t\t\t<span itemprop=\"name\">Logistec<\/span>\t<\/span><\/p>\n<p>\t\t\t\t\t<span title=\"Categor\u00eda: GLOBAL\"><br \/>\n\t\t\t<a href=\"http:\/\/www.revistalogistec.com\/logistica\/global-2\">GLOBAL<\/a><br \/>\n\t<\/span><\/p>\n<p>\t\t\t\t\t<span title=\"Publicado: 11 Febrero 2021\"><br \/>\n<i aria-hidden=\"true\"><\/i><br \/>\n\t<time datetime=\"2021-02-11T15:18:56-03:00\"><br \/>\n\t\t11 Febrero 2021\t<\/time><\/span><\/p>\n<p>Menos importaciones, menos contenedores y algunos cambios en las tarifas pusieron en jaque al comercio exterior durante 2020. Sin embargo, hoy aflora el optimismo debido al repunte de las cifras experimentado en diciembre, la adaptaci\u00f3n de sus principales actores y el hallazgo de la vacuna contra el virus que puso el mundo patas arriba.<\/p>\n<\/p><\/div><\/div><\/div>\n<div>\n<div itemprop=\"blogPost\" itemscope=\"\" itemtype=\"https:\/\/schema.org\/BlogPosting\">\n<div>\n<p><span title=\"Escrito por Logistec\"><br \/>\n\t\t\t\t<span itemprop=\"name\">Logistec<\/span>\t<\/span><\/p>\n<p>\t\t\t\t\t<span title=\"Categor\u00eda: GLOBAL\"><br \/>\n\t\t\t<a href=\"http:\/\/www.revistalogistec.com\/logistica\/global-2\">GLOBAL<\/a><br \/>\n\t<\/span><\/p>\n<p>\t\t\t\t\t<span title=\"Publicado: 14 Diciembre 2020\"><br \/>\n<i aria-hidden=\"true\"><\/i><br \/>\n\t<time datetime=\"2020-12-14T12:25:59-03:00\"><br \/>\n\t\t14 Diciembre 2020\t<\/time><\/span><\/p>\n<p>El 2020 ha sido un a\u00f1o especial que ha marcado al mundo y ha resaltado, sin dudas, las tendencias en tecnolog\u00eda. \u00bfC\u00f3mo se viene el 2021? a continuaci\u00f3n, algunas tendencias para el 2021 que vemos desde Infor:<\/p>\n<\/p><\/div><\/div><\/div>\n<div>\n<div itemprop=\"blogPost\" itemscope=\"\" itemtype=\"https:\/\/schema.org\/BlogPosting\">\n<div>\n<p><span title=\"Escrito por Logistec\"><br \/>\n\t\t\t\t<span itemprop=\"name\">Logistec<\/span>\t<\/span><\/p>\n<p>\t\t\t\t\t<span title=\"Categor\u00eda: GLOBAL\"><br \/>\n\t\t\t<a href=\"http:\/\/www.revistalogistec.com\/logistica\/global-2\">GLOBAL<\/a><br \/>\n\t<\/span><\/p>\n<p>\t\t\t\t\t<span title=\"Publicado: 14 Diciembre 2020\"><br \/>\n<i aria-hidden=\"true\"><\/i><br \/>\n\t<time datetime=\"2020-12-14T12:22:41-03:00\"><br \/>\n\t\t14 Diciembre 2020\t<\/time><\/span><\/p>\n<p>Este a\u00f1o ha sido llamado\u00a0\u201cde los cambios\u201d, sobre todo en materia de tecnolog\u00eda y c\u00f3mo ha sido empleada en todos los \u00e1mbitos, desde mantenerse en contacto con la familia y amigos, hasta en la forma de trabajar. \u00bfCon qu\u00e9 nos sorprender\u00e1 el pr\u00f3ximo a\u00f1o?<\/p>\n<\/p><\/div><\/div><\/div><\/div><\/div><\/div>\n<\/div>\n<p><\/main><\/div>\n<\/div>\n<\/div>\n<\/section>\n<section id=\"sp-bottom\">\n<div>\n<div>\n<div>\n<div id=\"sp-bottom1\">\n<div>\n<div>\n<div>\n<div data-module_id=\"450\">\n<div>\n<div id=\"section-id-1576586834258\">\n<div>\n<div>\n<div id=\"column-wrap-id-1576586834257\">\n<div id=\"column-id-1576586834257\">\n<div>\n<div id=\"sppb-addon-1576586834261\">\n<div>\n<h3>Mantente al d\u00eda&#8230; Suscr\u00edbete!<\/h3>\n<p>Ingresa tu correo electr\u00f3nico para mantenerte al d\u00eda en las noticias y actividades m\u00e1s relevantes de la industria.<\/p>\n<\/div>\n<\/div>\n<\/div>\n<\/div>\n<\/div>\n<\/div>\n<\/div>\n<\/div>\n<\/div>\n<\/div>\n<\/div>\n<\/div>\n<\/div>\n<\/div>\n<\/div>\n<\/div>\n<\/div>\n<\/section>\n<\/div><\/div>","protected":false},"excerpt":{"rendered":"<p>Logistec GLOBAL 11 Febrero 2021 Como \u201cel peor a\u00f1o de la demanda de carga a\u00e9rea, desde que se inici\u00f3 su seguimiento en 1990\u201d, catalog\u00f3 la Asociaci\u00f3n Internacional de Transporte A\u00e9reo (International Air Transport Association &#8211; IATA) el desempe\u00f1o del sector durante los \u00faltimos 12 meses. Logistec GLOBAL 11 Febrero 2021 Menos importaciones, menos contenedores y [&hellip;]<\/p>","protected":false},"author":2,"featured_media":15326,"comment_status":"open","ping_status":"open","sticky":false,"template":"","format":"standard","meta":[],"categories":[60],"tags":[],"_links":{"self":[{"href":"https:\/\/www.flx-logistics.com\/en\/wp-json\/wp\/v2\/posts\/15325"}],"collection":[{"href":"https:\/\/www.flx-logistics.com\/en\/wp-json\/wp\/v2\/posts"}],"about":[{"href":"https:\/\/www.flx-logistics.com\/en\/wp-json\/wp\/v2\/types\/post"}],"author":[{"embeddable":true,"href":"https:\/\/www.flx-logistics.com\/en\/wp-json\/wp\/v2\/users\/2"}],"replies":[{"embeddable":true,"href":"https:\/\/www.flx-logistics.com\/en\/wp-json\/wp\/v2\/comments?post=15325"}],"version-history":[{"count":0,"href":"https:\/\/www.flx-logistics.com\/en\/wp-json\/wp\/v2\/posts\/15325\/revisions"}],"wp:featuredmedia":[{"embeddable":true,"href":"https:\/\/www.flx-logistics.com\/en\/wp-json\/wp\/v2\/media\/15326"}],"wp:attachment":[{"href":"https:\/\/www.flx-logistics.com\/en\/wp-json\/wp\/v2\/media?parent=15325"}],"wp:term":[{"taxonomy":"category","embeddable":true,"href":"https:\/\/www.flx-logistics.com\/en\/wp-json\/wp\/v2\/categories?post=15325"},{"taxonomy":"post_tag","embeddable":true,"href":"https:\/\/www.flx-logistics.com\/en\/wp-json\/wp\/v2\/tags?post=15325"}],"curies":[{"name":"wp","href":"https:\/\/api.w.org\/{rel}","templated":true}]}}