{"id":15333,"date":"2021-04-13T08:21:07","date_gmt":"2021-04-13T08:21:07","guid":{"rendered":"http:\/\/www.felana.com.mx\/2021\/04\/13\/estrategia-logistica-6\/"},"modified":"2021-04-13T08:21:07","modified_gmt":"2021-04-13T08:21:07","slug":"estrategia-logistica-6","status":"publish","type":"post","link":"https:\/\/www.flx-logistics.com\/en\/estrategia-logistica-6\/","title":{"rendered":"ESTRATEG\u00cdA LOG\u00cdSTICA"},"content":{"rendered":"<div>\n<div>\n<section id=\"sp-top-bar\"><\/section>\n<section id=\"sp-logo-area\">\n<div>\n<div>\n<div>\n<div id=\"sp-logo\">\n<div>\n<p><a href=\"\/en\/\"><img decoding=\"async\" alt=\"Logistec - Revista Logistec\" src=\"http:\/\/www.revistalogistec.com\/images\/logo_logistec_partner.png\"><\/img><img decoding=\"async\" alt=\"Logistec - Revista Logistec\" src=\"http:\/\/www.revistalogistec.com\/images\/logo_logistec_partner.png\"><\/img><\/a><\/p>\n<\/div>\n<\/div>\n<\/div>\n<\/div>\n<\/div>\n<\/section>\n<section id=\"sp-header-nav\"><\/section>\n<section id=\"sp-section-4\"><\/section>\n<section id=\"sp-main-body\">\n<div>\n<div>\n<div><main id=\"sp-component\" role=\"main\"><\/p>\n<div>\n<div>\n<div>\n<div itemprop=\"blogPost\" itemscope=\"\" itemtype=\"https:\/\/schema.org\/BlogPosting\">\n<div>\n<div>\n<p><span title=\"Escrito por Logistec\"><br \/>\n\t\t\t\t<span itemprop=\"name\">Logistec<\/span>\t<\/span><\/p>\n<p>\t\t\t\t\t<span title=\"Categor\u00eda: ESTRATEG\u00cdA LOG\u00cdSTICA\"><br \/>\n\t\t\t<a href=\"http:\/\/www.revistalogistec.com\/scm\/estrategia-logistica-2\">ESTRATEG\u00cdA LOG\u00cdSTICA<\/a><br \/>\n\t<\/span><\/p>\n<p>\t\t\t\t\t<span title=\"Publicado: 10 Febrero 2021\"><br \/>\n<i aria-hidden=\"true\"><\/i><br \/>\n\t<time datetime=\"2021-02-10T13:22:06-03:00\"><br \/>\n\t\t10 Febrero 2021\t<\/time><\/span><\/p>\n<\/div>\n<p>El a\u00f1o pasado todas las cadenas de abastecimiento se pusieron a prueba. Mantener la operatividad frente a una demanda incierta, altamente vol\u00e1til y diversa se convirti\u00f3 en un desaf\u00edo tit\u00e1nico.<\/p>\n<\/p><\/div><\/div><\/div>\n<div>\n<div>\n<div>\n<div itemprop=\"blogPost\" itemscope=\"\" itemtype=\"https:\/\/schema.org\/BlogPosting\">\n<div>\n<div>\n<p><span title=\"Escrito por Logistec\"><br \/>\n\t\t\t\t<span itemprop=\"name\">Logistec<\/span>\t<\/span><\/p>\n<p>\t\t\t\t\t<span title=\"Categor\u00eda: ESTRATEG\u00cdA LOG\u00cdSTICA\"><br \/>\n\t\t\t<a href=\"http:\/\/www.revistalogistec.com\/scm\/estrategia-logistica-2\">ESTRATEG\u00cdA LOG\u00cdSTICA<\/a><br \/>\n\t<\/span><\/p>\n<p>\t\t\t\t\t<span title=\"Publicado: 09 Diciembre 2020\"><br \/>\n<i aria-hidden=\"true\"><\/i><br \/>\n\t<time datetime=\"2020-12-09T17:41:29-03:00\"><br \/>\n\t\t09 Diciembre 2020\t<\/time><\/span><\/p>\n<\/div>\n<p>2020 el a\u00f1o que vivimos en peligro. La frase precedente es quiz\u00e1s una de las m\u00e1s adecuadas para retratar el efecto que la pandemia por Covid-19 ha tenido a nivel global. Como resultado de la expansi\u00f3n del virus, m\u00e1s de la mitad de la poblaci\u00f3n mundial ha sido sometida a alg\u00fan tipo de confinamiento, se ha impuesto el distanciamiento social y los desplazamientos de personas y bienes han quedado paralizados o se han visto interrumpidos, al igual que la actividad econ\u00f3mica, provocando una recesi\u00f3n por todo el planeta.<\/p>\n<\/p><\/div><\/div><\/div>\n<div>\n<div itemprop=\"blogPost\" itemscope=\"\" itemtype=\"https:\/\/schema.org\/BlogPosting\">\n<div>\n<div>\n<p><span title=\"Escrito por Logistec\"><br \/>\n\t\t\t\t<span itemprop=\"name\">Logistec<\/span>\t<\/span><\/p>\n<p>\t\t\t\t\t<span title=\"Categor\u00eda: ESTRATEG\u00cdA LOG\u00cdSTICA\"><br \/>\n\t\t\t<a href=\"http:\/\/www.revistalogistec.com\/scm\/estrategia-logistica-2\">ESTRATEG\u00cdA LOG\u00cdSTICA<\/a><br \/>\n\t<\/span><\/p>\n<p>\t\t\t\t\t<span title=\"Publicado: 09 Diciembre 2020\"><br \/>\n<i aria-hidden=\"true\"><\/i><br \/>\n\t<time datetime=\"2020-12-09T17:37:01-03:00\"><br \/>\n\t\t09 Diciembre 2020\t<\/time><\/span><\/p>\n<\/div>\n<p>Las miradas de todos est\u00e1n en c\u00f3mo se desempe\u00f1ar\u00e1n los comercios y los actores del rubro log\u00edstico durante lo que se ha denominado como \u201cla primera navidad digital\u201d. En esta l\u00ednea, desde octubre pasado, diversos actores privados y p\u00fablicos vienen realizando llamados a adelantar las compras de navidad utilizando los canales digitales, a fin de evitar contagios y condiciones de estr\u00e9s que pueda experimentar la cadena log\u00edstica, en especial, la distribuci\u00f3n y \u00faltima milla. As\u00ed \u2018prevenir\u2019 asoma como la palabra clave para asegurar que el \u2018Viejo Pascuero\u2019 llegue con el regalo perfecto en el momento indicado.<\/p>\n<\/p><\/div><\/div><\/div>\n<div>\n<div itemprop=\"blogPost\" itemscope=\"\" itemtype=\"https:\/\/schema.org\/BlogPosting\">\n<div>\n<div>\n<p><span title=\"Escrito por Logistec\"><br \/>\n\t\t\t\t<span itemprop=\"name\">Logistec<\/span>\t<\/span><\/p>\n<p>\t\t\t\t\t<span title=\"Categor\u00eda: ESTRATEG\u00cdA LOG\u00cdSTICA\"><br \/>\n\t\t\t<a href=\"http:\/\/www.revistalogistec.com\/scm\/estrategia-logistica-2\">ESTRATEG\u00cdA LOG\u00cdSTICA<\/a><br \/>\n\t<\/span><\/p>\n<p>\t\t\t\t\t<span title=\"Publicado: 09 Diciembre 2020\"><br \/>\n<i aria-hidden=\"true\"><\/i><br \/>\n\t<time datetime=\"2020-12-09T17:04:14-03:00\"><br \/>\n\t\t09 Diciembre 2020\t<\/time><\/span><\/p>\n<\/div>\n<p>Entre las tiendas oscuras, el bodegaje urbano y los centros de distribuci\u00f3n el mercado busca la mejor forma de responder a los retos que plantea el canal online. por su parte, la industria del bodegaje mira con atenci\u00f3n el desarrollo de este sector.<\/p>\n<\/p><\/div><\/div><\/div><\/div><\/div><\/div>\n<\/div>\n<p><\/main><\/div>\n<\/div>\n<\/div>\n<\/section>\n<section id=\"sp-bottom\">\n<div>\n<div>\n<div>\n<div id=\"sp-bottom1\">\n<div>\n<div>\n<div>\n<div data-module_id=\"450\">\n<div>\n<div id=\"section-id-1576586834258\">\n<div>\n<div>\n<div id=\"column-wrap-id-1576586834257\">\n<div id=\"column-id-1576586834257\">\n<div>\n<div id=\"sppb-addon-1576586834261\">\n<div>\n<h3>Mantente al d\u00eda&#8230; Suscr\u00edbete!<\/h3>\n<p>Ingresa tu correo electr\u00f3nico para mantenerte al d\u00eda en las noticias y actividades m\u00e1s relevantes de la industria.<\/p>\n<\/div>\n<\/div>\n<\/div>\n<\/div>\n<\/div>\n<\/div>\n<\/div>\n<\/div>\n<\/div>\n<\/div>\n<\/div>\n<\/div>\n<\/div>\n<\/div>\n<\/div>\n<\/div>\n<\/div>\n<\/section>\n<\/div><\/div>","protected":false},"excerpt":{"rendered":"<p>Logistec ESTRATEG\u00cdA LOG\u00cdSTICA 10 Febrero 2021 El a\u00f1o pasado todas las cadenas de abastecimiento se pusieron a prueba. Mantener la operatividad frente a una demanda incierta, altamente vol\u00e1til y diversa se convirti\u00f3 en un desaf\u00edo tit\u00e1nico. Logistec ESTRATEG\u00cdA LOG\u00cdSTICA 09 Diciembre 2020 2020 el a\u00f1o que vivimos en peligro. La frase precedente es quiz\u00e1s una [&hellip;]<\/p>","protected":false},"author":2,"featured_media":15334,"comment_status":"open","ping_status":"open","sticky":false,"template":"","format":"standard","meta":[],"categories":[60],"tags":[],"_links":{"self":[{"href":"https:\/\/www.flx-logistics.com\/en\/wp-json\/wp\/v2\/posts\/15333"}],"collection":[{"href":"https:\/\/www.flx-logistics.com\/en\/wp-json\/wp\/v2\/posts"}],"about":[{"href":"https:\/\/www.flx-logistics.com\/en\/wp-json\/wp\/v2\/types\/post"}],"author":[{"embeddable":true,"href":"https:\/\/www.flx-logistics.com\/en\/wp-json\/wp\/v2\/users\/2"}],"replies":[{"embeddable":true,"href":"https:\/\/www.flx-logistics.com\/en\/wp-json\/wp\/v2\/comments?post=15333"}],"version-history":[{"count":0,"href":"https:\/\/www.flx-logistics.com\/en\/wp-json\/wp\/v2\/posts\/15333\/revisions"}],"wp:featuredmedia":[{"embeddable":true,"href":"https:\/\/www.flx-logistics.com\/en\/wp-json\/wp\/v2\/media\/15334"}],"wp:attachment":[{"href":"https:\/\/www.flx-logistics.com\/en\/wp-json\/wp\/v2\/media?parent=15333"}],"wp:term":[{"taxonomy":"category","embeddable":true,"href":"https:\/\/www.flx-logistics.com\/en\/wp-json\/wp\/v2\/categories?post=15333"},{"taxonomy":"post_tag","embeddable":true,"href":"https:\/\/www.flx-logistics.com\/en\/wp-json\/wp\/v2\/tags?post=15333"}],"curies":[{"name":"wp","href":"https:\/\/api.w.org\/{rel}","templated":true}]}}