{"id":15388,"date":"2021-06-09T19:10:44","date_gmt":"2021-06-09T19:10:44","guid":{"rendered":"http:\/\/www.felana.com.mx\/2021\/06\/09\/la-logistica-con-sentido-y-una-mirada-medioambiental\/"},"modified":"2021-06-09T19:10:44","modified_gmt":"2021-06-09T19:10:44","slug":"la-logistica-con-sentido-y-una-mirada-medioambiental","status":"publish","type":"post","link":"https:\/\/www.flx-logistics.com\/en\/la-logistica-con-sentido-y-una-mirada-medioambiental\/","title":{"rendered":"LA LOG\u00cdSTICA CON SENTIDO Y UNA MIRADA MEDIOAMBIENTAL"},"content":{"rendered":"<div itemprop=\"articleBody\">\n<p style=\"text-align: justify;\">Aunque en la actualidad no se tiene un registro oficial acerca del impacto medioambiental de las operaciones intralog\u00edsticas y de transporte, es sabido que dichas operaciones contribuyen ampliamente a las emisiones de CO2. A falta de cifras exactas, tomemos de referencia lo expuesto por la Agencia Europea de Medio Ambiente que estima en un 25% la contribuci\u00f3n de emisiones CO2 de la industria log\u00edstica al medioambiente, una cifra que previsiblemente ir\u00e1 en aumento, debido al auge del comercio online, ligada estrechamente a la distribuci\u00f3n.<\/p>\n<p style=\"text-align: justify;\">Con o sin estad\u00edsticas a la vista, lo cierto es que los actores del sector deben apostar por una log\u00edstica amigable con el planeta, a trav\u00e9s de la implementaci\u00f3n de tecnolog\u00edas \u201cverdes\u201d y estrategias que tengan como puntal el equilibrio entre el crecimiento econ\u00f3mico, la protecci\u00f3n de los recursos naturales y el respeto a su entorno y medioambiente. Al mismo tiempo, resulta relevante que los proveedores del sector sean capaces de disponibilizar una oferta de productos, tecnolog\u00edas y servicios \u201camigables\u201d con el planeta, permitiendo as\u00ed que el rubro log\u00edstico avance en su prop\u00f3sito de configurar operaciones cuya huella de carbono sea cada vez m\u00e1s acotada.<\/p>\n<p style=\"text-align: justify;\">En el \u00e1nimo de destacar la importancia de este tipo de iniciativas medioambientales en el sector log\u00edstico, revista Logistec presenta dos experiencias en el \u00e1mbito; desarrolladas por la multinacional Jungheinrich y la local Late. conozc\u00e1moslas\u2026<\/p>\n<p style=\"text-align: justify;\">\u201cNACIMOS EL\u00c9CTRICOS\u201d<\/p>\n<p style=\"text-align: justify;\">Desde su fundaci\u00f3n en 1953, Jungheinrich ha sido una empresa dedicada a la fabricaci\u00f3n y venta de soluciones el\u00e9ctricas para la industria log\u00edstica, trabajando con un enfoque sustentable y buscando siempre sinergias con el medio ambiente. De hecho, una de sus bases estrat\u00e9gicas de cara a 2025 es la premisa \u201cnacimos el\u00e9ctricos\u201d, con lo cual se establece un f\u00e9rreo compromiso hacia la b\u00fasqueda de soluciones eficientes y sustentables como parte trascendental de su estructura.<\/p>\n<p style=\"text-align: justify;\"><img decoding=\"async\" src=\"https:\/\/www.revistalogistec.com\/images\/images\/Silke_Herrera.jpg\" alt=\"Silke Herrera\" style=\"margin: 10px; float: left;\">En esta l\u00ednea, Silke Herrera, managing director Jungheinrich Chile manifest\u00f3 que \u201cla tecnolog\u00eda obviamente ayuda mucho en la b\u00fasqueda de soluciones amigables, no tan solo con el medio ambiente, sino que tambi\u00e9n soluciones tecnol\u00f3gicas de dise\u00f1o y de ergonom\u00eda que permitan mejorar las condiciones de trabajo de los operadores de maquinarias\u201d.<\/p>\n<p style=\"text-align: justify;\">Seg\u00fan la ejecutiva, tanto el medio ambiente, como el mismo trabajador, deben poder recibir soluciones \u00f3ptimas. Aduciendo que \u201cen nuestro mercado, el 50% del volumen anual de m\u00e1quinas vendidas todav\u00eda son m\u00e1quinas de combusti\u00f3n, y estoy convencida que un gran porcentaje de estas m\u00e1quinas, podr\u00edan evolucionar a m\u00e1quinas el\u00e9ctricas. No es que no exista oferta alternativa, esto est\u00e1 relacionado m\u00e1s que nada a la visi\u00f3n de negocio de corto plazo, enfocado en el gasto inmediato que estas generan. Lo que necesitamos hoy, es pensar en una visi\u00f3n a mediano \u2013 largo plazo, que nos permita visibilizar que el costo econ\u00f3mico y de medio ambiente de una m\u00e1quina el\u00e9ctrica, est\u00e1n por debajo del de una m\u00e1quina de combusti\u00f3n\u201d.<\/p>\n<p style=\"text-align: justify;\">A partir de lo expuesto, resulta relevante saber c\u00f3mo podemos incentivar un desarrollo sustentable y socialmente amigable entre los actores de la log\u00edstica nacional. En esta l\u00ednea, Herrera sostuvo que \u201cpara incentivar m\u00e1s el uso de la \u00faltima tecnolog\u00eda con todas sus ventajas para el medio ambiente, faltan en mi opini\u00f3n tambi\u00e9n soluciones gubernamentales, subvenciones para generar este cambio tecnol\u00f3gico de combusti\u00f3n a el\u00e9ctrico, para efectivamente disminuir la emisi\u00f3n de Co2. Creo que, con programas enfocados en esta problem\u00e1tica, podr\u00edan ayudar a empresas que no tienen la capacidad econ\u00f3mica para hacer esta transformaci\u00f3n. Por otro lado, el desconocimiento de las ventajas de estas soluciones, conocer las nuevas tecnolog\u00edas, el ahorro econ\u00f3mico y la disminuci\u00f3n del impacto que se genera al medio ambiente, sin duda servir\u00eda para acelerar el cambio\u201d.<\/p>\n<p style=\"text-align: justify;\">\u201cNosotros ofrecemos todo tipo de soluciones para ser m\u00e1s eficiente energ\u00e9ticamente y totalmente libre de emisiones Co2 como fuente propia. Como alternativa al uso de m\u00e1quinas de combusti\u00f3n, ofrecemos m\u00e1quinas el\u00e9ctricas con bater\u00edas de iones de litio. En comparaci\u00f3n con la bater\u00eda convencional de \u00e1cido plomo, el uso de bater\u00edas de iones de litio tienen muchas ventajas ambientales, sobre todo de ser energ\u00e9ticamente m\u00e1s eficiente y de no emitir gases al ser cargada\u201d, agreg\u00f3 Silke, respecto de la actual oferta de Jungheinrich Chile<\/p>\n<p style=\"text-align: justify;\">Como pioneros en el desarrollo tecnol\u00f3gico y una constante inversi\u00f3n en el desarrollo de soluciones sustentables. Silke Herrera destac\u00f3 que hace m\u00e1s de 10 a\u00f1os, Jungheinrich viene trabajando en el desarrollo de tecnolog\u00edas de iones de litio, que permiten un potencial de ahorro de Co2 de aproximadamente un 50% con respecto a los equipos de combusti\u00f3n, dependiendo de la fuente energ\u00e9tica para la carga el\u00e9ctrica.<\/p>\n<p style=\"text-align: justify;\"><img decoding=\"async\" src=\"https:\/\/www.revistalogistec.com\/images\/images\/simone_oliva.jpg\" alt=\"simone oliva\" style=\"margin: 10px; float: right;\">\u201cEn nuestro informe de sustentabilidad 2020 manifestamos claramente nuestro compromiso con la sociedad, con los usuarios, con el medio ambiente y con todas las partes involucradas en nuestro negocio. Tenemos la intenci\u00f3n de llegar a ser neutrales en la emisi\u00f3n de Co2 en el futuro, queremos apuntar a que la f\u00e1brica y la producci\u00f3n tambi\u00e9n sean neutrales, estamos comprometidos en un 100% en encontrar esa neutralidad. Adem\u00e1s, formamos parte de &#8217;50 Sustainability &#038; Climate Leaders&#8217;, una iniciativa en la que 50 empresas internacionales de diferentes sectores se han fijado el objetivo de asumir un papel de liderazgo en la lucha contra el cambio clim\u00e1tico y contribuir as\u00ed a la consecuci\u00f3n de los 17 Objetivos de Desarrollo Sostenible de las Naciones Unidas (ODS).\u201d<\/p>\n<p style=\"text-align: justify;\">Finalmente, Silke Herrera asegur\u00f3 estar convencida de que, en el futuro, las empresas que no han cambiado hacia un enfoque medioambiental y de seguridad para sus trabajadores deber\u00e1n hacerlo. \u201cTendr\u00e1n que cambiar, las nuevas generaciones son m\u00e1s conscientes y est\u00e1n alertas sobre sus derechos como trabajadores, y estar\u00e1n tambi\u00e9n m\u00e1s exigentes en aspectos ecol\u00f3gicos y sociales. Cada cambio tiene sus desaf\u00edos y sus oportunidades. Ya ra\u00edz de la pandemia actual, la gran oportunidad que se avizoramos es la aceleraci\u00f3n de soluciones digitales y ecol\u00f3gicos. Jungheinrich formar\u00e1 una parte proactiva en este cambio con el enfoque claro en aspectos de medio ambiente, energ\u00eda, calidad y seguridad\u201d.<\/p>\n<p style=\"text-align: justify;\">REUTILIZACI\u00d3N: EL NUEVO DESAF\u00cdO QUE IMPACTA LA OPERACI\u00d3N<\/p>\n<p style=\"text-align: justify;\">Hoy el gran desaf\u00edo de la industria log\u00edstica es marcar diferencias en un mercado cada vez m\u00e1s competitivo, donde los productos son un commodity y el servicio y la vinculaci\u00f3n con el cliente marcan diferencias. As\u00ed, alcanzar una log\u00edstica eficiente es fundamental y minimizar el impacto medioambiental en la operaci\u00f3n es clave. En esta l\u00ednea, la empresa B, Late ha definido su acci\u00f3n con un sello verde y social digno de destacar.<\/p>\n<p style=\"text-align: justify;\">Al respecto, Simon\u00e9 Oliva, gerente general de Late explic\u00f3 en Logistec Insight c\u00f3mo la compa\u00f1\u00eda desarrolla su l\u00ednea de productos de limpieza \u201cbasada en la reutilizaci\u00f3n de envases, estrategia que nos tiene muy contentos y que nos lleva a enfrentar diversos desaf\u00edos\u201d.<\/p>\n<p style=\"text-align: justify;\">El primero de los restos descritos por la ejecutiva se refiere a la producci\u00f3n, en la cual \u201cfue necesario considerar el almacenamiento, limpieza y sanitizaci\u00f3n de los envases usados para luego insertarlos en la l\u00ednea productiva junto con el fortalecimiento de los procedimientos de control de calidad del producto terminado.<\/p>\n<p style=\"text-align: justify;\">Luego, nos enfocamos en el Retiro, etapa en la cual fue vital para nosotros educar a los clientes en aprovechar la misma instancia de entrega de un nuevo pedido para devolver su envase vac\u00edo. Para nosotros que contamos con flota exclusiva para nuestra operaci\u00f3n es factible, no obstante, para aquellas empresas que contratan un servicio de distribuci\u00f3n por punto, es un gran desaf\u00edo el ver c\u00f3mo solucionar esta l\u00f3gica inversa para hacer los retiros. Otro punto relevante fue la Tecnolog\u00eda; y es que para poder definir el modelo operativo que tendr\u00edamos, fue vital contar con un sistema que hiciera soporte a \u00e9ste en su completitud, y eso tambi\u00e9n es un desaf\u00edo ya que la mayor\u00eda de los sistemas actuales de ruteo y seguimiento de rutas no considera el movimiento bidireccional, y con esto no me refiero solo al dise\u00f1o de la ruta, sino tambi\u00e9n al manejo de atributos y datos relevantes para llevar el control total de este nuevo tipo de distribuci\u00f3n\u201d, explic\u00f3 la ejecutiva de Late.<\/p>\n<p style=\"text-align: justify;\">Ahora bien, en lo referido a la visi\u00f3n corporativa de Late, respecto a la sustentabilidad y a la puesta en marcha de iniciativas como la descrita, Simon\u00e9 sostuvo que \u201clo interesante es que hoy el valor de la sustentabilidad ha evolucionado, y la sociedad se est\u00e1 involucrando de manera m\u00e1s profunda en la crisis ambiental que vivimos, y empiezan a entender que ellos tambi\u00e9n son responsables de esta situaci\u00f3n debido a lo que consumen. Es por esto que las personas hoy est\u00e1n m\u00e1s interesadas en buscar productos con atributos ecol\u00f3gicos, tratando con esto de disminuir el impacto negativo al medioambiente e incluso fomentan en sus c\u00edrculos la importancia de esto, cuestionando fuertemente a las empresas que no se han alineado a\u00fan a la necesidad de disminuir la huella de carbono e incluso, lapid\u00e1ndolas en lo que es hoy el circo romano de las redes sociales\u201d.<\/p>\n<p style=\"text-align: justify;\">Este cambio en las preferencias de las personas conlleva, seg\u00fan la ejecutiva \u201cun cambio en el mercado, porque la demanda debiese ir guiando a la oferta, y por ende las empresas si bien no han implementado pr\u00e1cticas sustentables directamente por las necesidades del planeta, s\u00ed debieran adaptarse a las nuevas necesidades de sus clientes si quieren lograr rentabilidades de largo plazo\u201d.<\/p>\n<p style=\"text-align: justify;\">Consultada respecto a \u00bfc\u00f3mo mirar estas estrategias a nivel de costos, considerando la preocupaci\u00f3n que ya existe en la industria por una log\u00edstica de reversa? La ejecutiva de Late manifest\u00f3 que \u201cuna parte importante de los consumidores prefieren productos \u201cverdes\u201d, tambi\u00e9n entienden lo complejo que es no solo crearlos sino tambi\u00e9n distribuirlos y retirarlos si es necesario. Y es tanta su preferencia por estos productos, que tambi\u00e9n su disposici\u00f3n a pago es mayor, y es justamente ah\u00ed donde est\u00e1 la oportunidad de equilibrar la balanza de los costos log\u00edsticos\u201d.<\/p>\n<p style=\"text-align: justify;\">En esta l\u00ednea argument\u00f3 que es vital considerar la reingenier\u00eda de los modelos log\u00edsticos, redise\u00f1ando las operaciones junto con el redise\u00f1o de los productos y de esta forma ver las oportunidades que traen consigo estrategias como: la reutilizaci\u00f3n. \u201cUtilizar la misma instancia de entrega para realizar el retiro de envases, y as\u00ed disminuir los viajes (costo y huella de carbono)), considerar puntos de acopio en distintos puntos de la ciudad para retiros consolidados, obtener ahorro al comprar menos envases (debido a la reutilizaci\u00f3n), empezar a considerar par\u00e1metros de control tales como \u201cvueltas por envase\u201d, entre otras pr\u00e1cticas nos ha permitido lograr eficiencias en nuestra l\u00ednea de productos de limpieza, por ejemplo\u201d.<\/p>\n<p style=\"text-align: justify;\">Ahora bien, cabe destacar que Late no s\u00f3lo act\u00faa bajo una premisa de reciclaje sino de lo que se ha denominado como Econom\u00eda Circular, lo que -en palabras de Simon\u00e9 Oliva- representa \u201cun desaf\u00edo enorme y las circunstancias lo ameritan, todos podemos ser parte del cambio que necesitamos y hacernos cargo del impacto que generamos en el planeta, y aquellos que a\u00fan no tengan intenciones de sumarse entonces el mercado los ir\u00e1 obligando poco a poco a hacerlo a trav\u00e9s de las preferencias de cada uno de los consumidores\u201d.<\/p>\n<p style=\"text-align: justify;\">En un llamado final, la ejecutiva manifest\u00f3 que \u201cen Late creemos fuertemente que el mercado puede ser un espacio de expresi\u00f3n ciudadana. Cada una de las personas tiene el poder de hacer que las empresas se vean en la necesidad de adaptarse para entregar los productos y servicios que requieren, con atributos m\u00e1s all\u00e1 de la funcionalidad misma, sumando factores de impacto social y medioambiental como parte vital del modelo econ\u00f3mico. El triple impacto es el \u00fanico camino para la rentabilidad a largo plazo\u201d.<\/p>\n<\/p><\/div>","protected":false},"excerpt":{"rendered":"<p>Aunque en la actualidad no se tiene un registro oficial acerca del impacto medioambiental de las operaciones intralog\u00edsticas y de transporte, es sabido que dichas operaciones contribuyen ampliamente a las emisiones de CO2. A falta de cifras exactas, tomemos de referencia lo expuesto por la Agencia Europea de Medio Ambiente que estima en un 25% [&hellip;]<\/p>","protected":false},"author":2,"featured_media":15389,"comment_status":"open","ping_status":"open","sticky":false,"template":"","format":"standard","meta":[],"categories":[60],"tags":[],"_links":{"self":[{"href":"https:\/\/www.flx-logistics.com\/en\/wp-json\/wp\/v2\/posts\/15388"}],"collection":[{"href":"https:\/\/www.flx-logistics.com\/en\/wp-json\/wp\/v2\/posts"}],"about":[{"href":"https:\/\/www.flx-logistics.com\/en\/wp-json\/wp\/v2\/types\/post"}],"author":[{"embeddable":true,"href":"https:\/\/www.flx-logistics.com\/en\/wp-json\/wp\/v2\/users\/2"}],"replies":[{"embeddable":true,"href":"https:\/\/www.flx-logistics.com\/en\/wp-json\/wp\/v2\/comments?post=15388"}],"version-history":[{"count":0,"href":"https:\/\/www.flx-logistics.com\/en\/wp-json\/wp\/v2\/posts\/15388\/revisions"}],"wp:featuredmedia":[{"embeddable":true,"href":"https:\/\/www.flx-logistics.com\/en\/wp-json\/wp\/v2\/media\/15389"}],"wp:attachment":[{"href":"https:\/\/www.flx-logistics.com\/en\/wp-json\/wp\/v2\/media?parent=15388"}],"wp:term":[{"taxonomy":"category","embeddable":true,"href":"https:\/\/www.flx-logistics.com\/en\/wp-json\/wp\/v2\/categories?post=15388"},{"taxonomy":"post_tag","embeddable":true,"href":"https:\/\/www.flx-logistics.com\/en\/wp-json\/wp\/v2\/tags?post=15388"}],"curies":[{"name":"wp","href":"https:\/\/api.w.org\/{rel}","templated":true}]}}