{"id":15458,"date":"2021-08-09T20:16:16","date_gmt":"2021-08-09T20:16:16","guid":{"rendered":"http:\/\/www.felana.com.mx\/2021\/08\/09\/dia-del-minero-tener-recursos-naturales-no-es-suficiente\/"},"modified":"2021-08-09T20:16:16","modified_gmt":"2021-08-09T20:16:16","slug":"dia-del-minero-tener-recursos-naturales-no-es-suficiente","status":"publish","type":"post","link":"https:\/\/www.flx-logistics.com\/en\/dia-del-minero-tener-recursos-naturales-no-es-suficiente\/","title":{"rendered":"D\u00cdA DEL MINERO: TENER RECURSOS NATURALES NO ES SUFICIENTE"},"content":{"rendered":"<div itemprop=\"articleBody\">\n<p style=\"text-align: justify;\">Por: Rodrigo Serrano, vicepresidente corporativo de Innovaci\u00f3n y Desarrollo en Wisetrack Corp<\/p>\n<p style=\"text-align: justify;\">Es un hecho que se da por sentado que el sector minero, y especialmente la miner\u00eda del cobre, son vitales para el desarrollo econ\u00f3mico de Chile, contribuyendo significativamente al ingreso nacional y al crecimiento del pa\u00eds. Es casi una cosa \u201cnatural\u201d y una ventaja que nos \u201ctoc\u00f3\u00b4 el tener un mont\u00f3n de yacimientos, primero de salitre, luego de cobre y ahora de litio.<\/p>\n<p style=\"text-align: justify;\">Lo que olvidan o no quieren ver quienes piensan de esa forma es que esto no siempre fue as\u00ed. Chile parti\u00f3 en desventaja con sus vecinos, teniendo en el norte a un Per\u00fa o a un M\u00e9xico con reservas nunca vistas de oro, eclipsando a cualquier otro pa\u00eds en su importancia para La Corona. Incluso en tiempos m\u00e1s modernos, seguimos siempre en desventaja comparados con Venezuela que dispon\u00eda de las mayores reservas del mundo de petr\u00f3leo, lo mismo Bolivia y Argentina, pero en relaci\u00f3n con el gas natural, o un Per\u00fa cuyos yacimientos de cobre y oro eran nada despreciables.<\/p>\n<p><img decoding=\"async\" loading=\"lazy\" src=\"https:\/\/www.revistalogistec.com\/images\/2019\/12\/12\/rodrigo.jpg\" alt=\"rodrigo\" width=\"240\" height=\"267\" style=\"margin: 10px; float: left;\"><\/p>\n<p style=\"text-align: justify;\">Casos emblem\u00e1ticos son pa\u00edses de \u00c1frica ricos en petr\u00f3leo, oro, uranio y diamantes que viven en la m\u00e1s terrible pobreza y precariedad. \u00bfQu\u00e9 nos dice esto? Que el tener las reservas naturales es s\u00f3lo el punto de partida, el resto depende del esfuerzo y el conocimiento humano. La naturaleza s\u00f3lo aparece disponible si se sabe aprovechar.<\/p>\n<p style=\"text-align: justify;\">Por ello, agosto, mes de la Miner\u00eda, es un buen momento para reflexionar sobre lo que hemos logrado con lo que \u201cse nos dio\u201d y la importancia de cuidar lo que tenemos: una industria minera de lujo, con procesos de clase mundial y con profesionales comprometidos en hacer las cosas bien, un prop\u00f3sito que ojal\u00e1 fuera m\u00e1s com\u00fan en otras actividades.<\/p>\n<p style=\"text-align: justify;\">Los yacimientos son s\u00f3lo el capital semilla para la \u201cStartup Pa\u00eds\u201d, pero si se quiere crecer hay que saber aprovecharlos, generar modelos de negocio con pol\u00edticas claras, a largo plazo y ordenadas, que den confianza y que atraigan inversionistas, que generen conocimiento y que fomenten la innovaci\u00f3n, que optimicen los costos y maximicen la producci\u00f3n para que, en definitiva, permitan a esa Startup transformarse en una empresa cotizada a nivel mundial en la que ese recurso natural realmente logr\u00f3 transformarse en un pilar de crecimiento y mejora continua del pa\u00eds.<\/p>\n<p style=\"text-align: justify;\">Ciertamente existen \u00e1reas para mejorar, todo es perfectible y en la miner\u00eda hay mucho espacio para ello, desde el mayor apoyo, transferencias de conocimientos, tecnolog\u00edas y procesos, especialmente relacionados con la seguridad, desde la Gran Miner\u00eda a sus hermanos menores en faenas no tan profesionalizadas ni tecnol\u00f3gicas, hasta la obligaci\u00f3n de avanzar cada d\u00eda en hacerla una industria m\u00e1s segura y sustentable, para que as\u00ed, como en esos d\u00edas del famoso rescate de los 33, nos sintamos todo el tiempo orgullosos de lo que puede el ingenio y el esfuerzo del minero , que supieron ir m\u00e1s all\u00e1 de lo que la naturaleza les hab\u00eda dado.<\/p>\n<\/p><\/div>","protected":false},"excerpt":{"rendered":"<p>Por: Rodrigo Serrano, vicepresidente corporativo de Innovaci\u00f3n y Desarrollo en Wisetrack Corp Es un hecho que se da por sentado que el sector minero, y especialmente la miner\u00eda del cobre, son vitales para el desarrollo econ\u00f3mico de Chile, contribuyendo significativamente al ingreso nacional y al crecimiento del pa\u00eds. Es casi una cosa \u201cnatural\u201d y una [&hellip;]<\/p>","protected":false},"author":2,"featured_media":15459,"comment_status":"open","ping_status":"open","sticky":false,"template":"","format":"standard","meta":[],"categories":[60],"tags":[],"_links":{"self":[{"href":"https:\/\/www.flx-logistics.com\/en\/wp-json\/wp\/v2\/posts\/15458"}],"collection":[{"href":"https:\/\/www.flx-logistics.com\/en\/wp-json\/wp\/v2\/posts"}],"about":[{"href":"https:\/\/www.flx-logistics.com\/en\/wp-json\/wp\/v2\/types\/post"}],"author":[{"embeddable":true,"href":"https:\/\/www.flx-logistics.com\/en\/wp-json\/wp\/v2\/users\/2"}],"replies":[{"embeddable":true,"href":"https:\/\/www.flx-logistics.com\/en\/wp-json\/wp\/v2\/comments?post=15458"}],"version-history":[{"count":0,"href":"https:\/\/www.flx-logistics.com\/en\/wp-json\/wp\/v2\/posts\/15458\/revisions"}],"wp:featuredmedia":[{"embeddable":true,"href":"https:\/\/www.flx-logistics.com\/en\/wp-json\/wp\/v2\/media\/15459"}],"wp:attachment":[{"href":"https:\/\/www.flx-logistics.com\/en\/wp-json\/wp\/v2\/media?parent=15458"}],"wp:term":[{"taxonomy":"category","embeddable":true,"href":"https:\/\/www.flx-logistics.com\/en\/wp-json\/wp\/v2\/categories?post=15458"},{"taxonomy":"post_tag","embeddable":true,"href":"https:\/\/www.flx-logistics.com\/en\/wp-json\/wp\/v2\/tags?post=15458"}],"curies":[{"name":"wp","href":"https:\/\/api.w.org\/{rel}","templated":true}]}}